{"id":780,"date":"2026-09-02T06:00:00","date_gmt":"2026-09-02T09:00:00","guid":{"rendered":"https:\/\/jgtvpodcast.com\/?p=780"},"modified":"2026-09-02T01:04:32","modified_gmt":"2026-09-02T04:04:32","slug":"carros-eletricos-abrem-espaco-para-novas-profissoes-no-brasil","status":"publish","type":"post","link":"https:\/\/www.jgtvpodcast.com\/?p=780","title":{"rendered":"Carros el\u00e9tricos abrem espa\u00e7o para novas profiss\u00f5es no Brasil"},"content":{"rendered":"\n<p>O crescimento dos <strong>ve\u00edculos el\u00e9tricos no Brasil<\/strong> come\u00e7a a provocar mudan\u00e7as que v\u00e3o al\u00e9m das linhas de montagem. Com o aumento da frota eletrificada, novas oportunidades surgem em \u00e1reas como manuten\u00e7\u00e3o, infraestrutura de recarga, componentes, tecnologia, treinamento e servi\u00e7os especializados.<\/p>\n\n\n\n<p>A expans\u00e3o tamb\u00e9m traz um desafio: preparar profissionais para lidar com sistemas e tecnologias diferentes das encontradas nos ve\u00edculos convencionais. A necessidade de <strong><a href=\"https:\/\/jgtvpodcast.com\/?p=701\">m\u00e3o de obra qualificada <\/a><\/strong>tende a se tornar ainda mais relevante conforme a eletrifica\u00e7\u00e3o alcan\u00e7ar ve\u00edculos comerciais e o transporte coletivo.<\/p>\n\n\n\n<p>De acordo com dados da Associa\u00e7\u00e3o Brasileira do Ve\u00edculo El\u00e9trico (ABVE), as vendas das tecnologias eletrificadas consideradas pela entidade chegaram a <strong>215 mil unidades no primeiro semestre de 2026<\/strong>, alta de 125% em compara\u00e7\u00e3o com o mesmo per\u00edodo de 2025. A expectativa da associa\u00e7\u00e3o \u00e9 superar 300 mil ve\u00edculos eletrificados vendidos ao longo do ano.<\/p>\n\n\n\n<h2 class=\"wp-block-heading\">Manuten\u00e7\u00e3o exige novas compet\u00eancias<\/h2>\n\n\n\n<p>A transforma\u00e7\u00e3o j\u00e1 \u00e9 percebida na \u00e1rea de manuten\u00e7\u00e3o automotiva. Para atender um ve\u00edculo el\u00e9trico, o profissional precisa combinar conhecimentos que tradicionalmente estavam distribu\u00eddos entre diferentes especialidades.<\/p>\n\n\n\n<p>\u201cQuando voc\u00ea fala num carro el\u00e9trico, voc\u00ea tem que ter uma pessoa que conhece carro, conhece mec\u00e2nica, conhece eletricidade, eletr\u00f4nica e que vai ter que ser treinada por quest\u00f5es superespec\u00edficas daquele modelo\u201d, afirmou <strong>Daniel Caramori<\/strong>, coordenador do grupo de ve\u00edculos leves e membro do Conselho Diretor da ABVE.<\/p>\n\n\n\n<p>Segundo Caramori, o setor automotivo j\u00e1 enfrenta dificuldades para atrair profissionais para a manuten\u00e7\u00e3o. Com a eletrifica\u00e7\u00e3o, esse desafio ganha novos elementos, j\u00e1 que a prepara\u00e7\u00e3o exige conhecimentos espec\u00edficos sobre sistemas el\u00e9tricos, eletr\u00f4nica e caracter\u00edsticas de cada ve\u00edculo.<\/p>\n\n\n\n<p>A forma\u00e7\u00e3o, portanto, passa a ser uma pe\u00e7a importante para acompanhar o <strong><a href=\"https:\/\/jgtvpodcast.com\/?p=693\">crescimento do mercado<\/a><\/strong> de ve\u00edculos el\u00e9tricos.<\/p>\n\n\n\n<h2 class=\"wp-block-heading\">Infraestrutura de recarga cria oportunidades<\/h2>\n\n\n\n<p>O avan\u00e7o da frota eletrificada vem acompanhado pela expans\u00e3o da infraestrutura necess\u00e1ria para mant\u00ea-la em circula\u00e7\u00e3o. At\u00e9 o fim de maio, o Brasil contava com cerca de <strong>25 mil pontos de recarga p\u00fablicos e semip\u00fablicos<\/strong>, segundo dados apresentados por Caramori. O n\u00famero representava crescimento de 21% em apenas tr\u00eas meses.<\/p>\n\n\n\n<p>Os carregadores r\u00e1pidos ainda representam uma parcela menor da rede instalada, mas apresentam ritmo de crescimento superior ao dos demais equipamentos.<\/p>\n\n\n\n<p>Esse cen\u00e1rio amplia o espa\u00e7o para profissionais e empresas envolvidos n\u00e3o apenas na instala\u00e7\u00e3o dos carregadores, mas tamb\u00e9m em sua opera\u00e7\u00e3o, <strong><a href=\"https:\/\/jgtvpodcast.com\/?p=625\">manuten\u00e7\u00e3o e desenvolvimento <\/a><\/strong>de solu\u00e7\u00f5es relacionadas \u00e0 infraestrutura de recarga.<\/p>\n\n\n\n<h2 class=\"wp-block-heading\">Ve\u00edculos comerciais aumentam press\u00e3o por qualifica\u00e7\u00e3o<\/h2>\n\n\n\n<p>A necessidade de profissionais especializados tende a ganhar ainda mais import\u00e2ncia com a chegada da eletrifica\u00e7\u00e3o aos ve\u00edculos comerciais e ao transporte coletivo.<\/p>\n\n\n\n<p>Nesses segmentos, o tempo em que um ve\u00edculo permanece parado tem impacto direto nos <strong><a href=\"https:\/\/jgtvpodcast.com\/?p=526\">custos das empresas<\/a><\/strong>. Por isso, contar com uma rede de assist\u00eancia e profissionais capacitados se torna um fator relevante para a expans\u00e3o das frotas.<\/p>\n\n\n\n<p>Uma pesquisa realizada na Costa Rica ilustra esse cen\u00e1rio. Segundo os dados apresentados, caminh\u00f5es el\u00e9tricos permaneceram cerca de <strong>11 dias fora de opera\u00e7\u00e3o para manuten\u00e7\u00e3o<\/strong>, enquanto modelos equivalentes movidos a diesel ficaram aproximadamente 30 dias parados.<\/p>\n\n\n\n<h2 class=\"wp-block-heading\">Ind\u00fastria brasileira pode ampliar participa\u00e7\u00e3o<\/h2>\n\n\n\n<p>A transforma\u00e7\u00e3o da mobilidade tamb\u00e9m abre espa\u00e7o para a ind\u00fastria nacional. Para <strong>Andr\u00e9 Cieplinski<\/strong>, pesquisador-s\u00eanior do International Council on Clean Transportation (ICCT) Brasil, o pa\u00eds tem capacidade para produzir localmente uma parcela significativa dos componentes e processos relacionados aos ve\u00edculos el\u00e9tricos.<\/p>\n\n\n\n<p>A produ\u00e7\u00e3o completa de baterias, por\u00e9m, apresenta um desafio diferente. Segundo o pesquisador, trata-se de uma disputa industrial global mais complexa.<\/p>\n\n\n\n<p>O Brasil j\u00e1 possui compet\u00eancias consolidadas em atividades como estampagem, pintura, carroceria e soldagem. A eletrifica\u00e7\u00e3o acrescenta novas frentes de<strong><a href=\"https:\/\/jgtvpodcast.com\/?p=214\"> maior valor agregado<\/a><\/strong>, entre elas arquitetura el\u00e9trica, eletr\u00f4nica, software e engenharia.<\/p>\n\n\n\n<p>Quanto maior for a participa\u00e7\u00e3o da ind\u00fastria nacional nessa cadeia, maior tamb\u00e9m ser\u00e1 a demanda por trabalhadores capazes de atuar na fabrica\u00e7\u00e3o, instala\u00e7\u00e3o, opera\u00e7\u00e3o e manuten\u00e7\u00e3o dos novos sistemas.<\/p>\n\n\n\n<h2 class=\"wp-block-heading\">Cadeia de ve\u00edculos el\u00e9tricos vai al\u00e9m da f\u00e1brica<\/h2>\n\n\n\n<p>O impacto econ\u00f4mico da eletrifica\u00e7\u00e3o n\u00e3o termina quando o ve\u00edculo deixa a montadora. Para Caramori, \u00e9 necess\u00e1rio ampliar a an\u00e1lise sobre a cadeia automotiva e observar tamb\u00e9m os <strong><a href=\"https:\/\/jgtvpodcast.com\/?p=677\">neg\u00f3cios que surgem depois da venda.<\/a><\/strong><\/p>\n\n\n\n<p>Um ve\u00edculo el\u00e9trico demanda sistemas de recarga, componentes, instala\u00e7\u00e3o, manuten\u00e7\u00e3o, treinamento e outros servi\u00e7os para permanecer em funcionamento. A mudan\u00e7a j\u00e1 aparece no crescimento do ecossistema ligado \u00e0 mobilidade el\u00e9trica.<\/p>\n\n\n\n<p>A pr\u00f3pria evolu\u00e7\u00e3o da ABVE \u00e9 um exemplo. A entidade passou de aproximadamente <strong>40 empresas associadas em 2020 para cerca de 140 atualmente<\/strong>, mais que triplicando sua base. Al\u00e9m de fabricantes e importadores de ve\u00edculos, a associa\u00e7\u00e3o re\u00fane empresas de infraestrutura, componentes e servi\u00e7os relacionados \u00e0 eletromobilidade.<\/p>\n\n\n\n<h2 class=\"wp-block-heading\">Reciclagem de baterias entra no radar<\/h2>\n\n\n\n<p>A expans\u00e3o dos ve\u00edculos el\u00e9tricos tamb\u00e9m cria oportunidades para atividades que ganham import\u00e2ncia \u00e0 medida que a frota cresce, como o reaproveitamento e a reciclagem de baterias.<\/p>\n\n\n\n<p>A experi\u00eancia da Costa Rica \u00e9 apontada como um exemplo desse movimento. <strong>Silvia Rojas Soto<\/strong>, diretora da Associa\u00e7\u00e3o Costarriquenha de Mobilidade El\u00e9trica (Asomove), destacou a exist\u00eancia de uma opera\u00e7\u00e3o industrial de reciclagem de baterias no pa\u00eds que, segundo os dados apresentados por ela, consegue recuperar 99% dos componentes.<\/p>\n\n\n\n<p>Para Rojas, a mobilidade el\u00e9trica representa uma <strong><a href=\"https:\/\/jgtvpodcast.com\/?p=424\">transforma\u00e7\u00e3o econ\u00f4mica <\/a><\/strong>mais ampla e n\u00e3o apenas uma mudan\u00e7a na forma de transporte. \u201cMobilidade el\u00e9trica \u00e9 uma quest\u00e3o de uma nova economia\u201d, afirmou.<\/p>\n\n\n\n<h2 class=\"wp-block-heading\">Forma\u00e7\u00e3o profissional vira parte da transi\u00e7\u00e3o<\/h2>\n\n\n\n<p>O crescimento dos ve\u00edculos el\u00e9tricos coloca a qualifica\u00e7\u00e3o profissional no centro da transforma\u00e7\u00e3o do setor automotivo. A demanda envolve desde mec\u00e2nicos e t\u00e9cnicos especializados at\u00e9 profissionais de eletr\u00f4nica, engenharia, software, infraestrutura e reciclagem.<\/p>\n\n\n\n<p>A velocidade dessa mudan\u00e7a depender\u00e1 tamb\u00e9m das decis\u00f5es relacionadas \u00e0 pol\u00edtica industrial brasileira. Quanto maior for a capacidade do pa\u00eds de manter etapas da cadeia de mobilidade el\u00e9trica em territ\u00f3rio nacional, maior tende a ser a necessidade de <strong><a href=\"https:\/\/jgtvpodcast.com\/?p=753\">profissionais preparados <\/a><\/strong>para ocupar essas novas fun\u00e7\u00f5es.<\/p>\n\n\n\n<p>Assim, a eletrifica\u00e7\u00e3o automotiva n\u00e3o representa apenas uma mudan\u00e7a tecnol\u00f3gica nos ve\u00edculos. Ela tamb\u00e9m redesenha a cadeia de servi\u00e7os, cria novas atividades econ\u00f4micas e exige uma prepara\u00e7\u00e3o profissional capaz de acompanhar a velocidade de expans\u00e3o do mercado.<\/p>\n","protected":false},"excerpt":{"rendered":"<p>Expans\u00e3o dos carros el\u00e9tricos aumenta a procura por profissionais qualificados em tecnologia, manuten\u00e7\u00e3o e infraestrutura.<\/p>\n","protected":false},"author":1,"featured_media":786,"comment_status":"open","ping_status":"open","sticky":false,"template":"","format":"standard","meta":{"footnotes":""},"categories":[38],"tags":[21,231,225,229,228,80,227,230,226],"class_list":["post-780","post","type-post","status-publish","format-standard","has-post-thumbnail","hentry","category-carreira","tag-carreira","tag-eletrificacao","tag-eletrificacao-automotiva","tag-infraestrutura-de-recarga","tag-manutencao-de-carros","tag-mercado-de-trabalho","tag-mobilidade-eletrica","tag-reciclagem-de-baterias","tag-veiculos-eletricos"],"yoast_head":"<!-- This site is optimized with the Yoast SEO plugin v26.8 - https:\/\/yoast.com\/product\/yoast-seo-wordpress\/ -->\n<title>Carros el\u00e9tricos abrem espa\u00e7o para novas profiss\u00f5es no Brasil<\/title>\n<meta name=\"description\" content=\"Expans\u00e3o dos carros el\u00e9tricos aumenta a procura por profissionais qualificados em tecnologia, manuten\u00e7\u00e3o e infraestrutura.\" \/>\n<meta name=\"robots\" content=\"index, follow, max-snippet:-1, max-image-preview:large, max-video-preview:-1\" \/>\n<link rel=\"canonical\" href=\"https:\/\/www.jgtvpodcast.com\/?p=780\" \/>\n<meta property=\"og:locale\" content=\"pt_BR\" \/>\n<meta property=\"og:type\" content=\"article\" \/>\n<meta property=\"og:title\" content=\"Carros el\u00e9tricos abrem espa\u00e7o para novas profiss\u00f5es no Brasil\" \/>\n<meta property=\"og:description\" content=\"Expans\u00e3o dos carros el\u00e9tricos aumenta a procura por profissionais qualificados em tecnologia, manuten\u00e7\u00e3o e infraestrutura.\" \/>\n<meta property=\"og:url\" content=\"https:\/\/www.jgtvpodcast.com\/?p=780\" \/>\n<meta property=\"og:site_name\" content=\"JGTV - Programas e Not\u00edcias\" \/>\n<meta property=\"article:published_time\" content=\"2026-09-02T09:00:00+00:00\" \/>\n<meta property=\"og:image\" content=\"https:\/\/www.jgtvpodcast.com\/wp-content\/uploads\/2026\/09\/Carro-eletrico-Pexels.com-smart-me-ag-1024x683.jpg\" \/>\n\t<meta property=\"og:image:width\" content=\"1024\" \/>\n\t<meta property=\"og:image:height\" content=\"683\" \/>\n\t<meta property=\"og:image:type\" content=\"image\/jpeg\" \/>\n<meta name=\"author\" content=\"Reda\u00e7\u00e3o\" \/>\n<meta name=\"twitter:card\" content=\"summary_large_image\" \/>\n<meta name=\"twitter:label1\" content=\"Escrito por\" \/>\n\t<meta name=\"twitter:data1\" content=\"Reda\u00e7\u00e3o\" \/>\n\t<meta name=\"twitter:label2\" content=\"Est. tempo de leitura\" \/>\n\t<meta name=\"twitter:data2\" content=\"6 minutos\" \/>\n<script type=\"application\/ld+json\" class=\"yoast-schema-graph\">{\"@context\":\"https:\/\/schema.org\",\"@graph\":[{\"@type\":\"Article\",\"@id\":\"https:\/\/www.jgtvpodcast.com\/?p=780#article\",\"isPartOf\":{\"@id\":\"https:\/\/www.jgtvpodcast.com\/?p=780\"},\"author\":{\"name\":\"Reda\u00e7\u00e3o\",\"@id\":\"https:\/\/jgtv-programas-e-noticias.builderallwppro.com\/#\/schema\/person\/d46f8f8e2b57ff9866441e005ecd0252\"},\"headline\":\"Carros el\u00e9tricos abrem espa\u00e7o para novas profiss\u00f5es no Brasil\",\"datePublished\":\"2026-09-02T09:00:00+00:00\",\"mainEntityOfPage\":{\"@id\":\"https:\/\/www.jgtvpodcast.com\/?p=780\"},\"wordCount\":1123,\"commentCount\":0,\"publisher\":{\"@id\":\"https:\/\/jgtv-programas-e-noticias.builderallwppro.com\/#organization\"},\"image\":{\"@id\":\"https:\/\/www.jgtvpodcast.com\/?p=780#primaryimage\"},\"thumbnailUrl\":\"https:\/\/www.jgtvpodcast.com\/wp-content\/uploads\/2026\/09\/Carro-eletrico-Pexels.com-smart-me-ag.jpg\",\"keywords\":[\"carreira\",\"Eletrifica\u00e7\u00e3o\",\"eletrifica\u00e7\u00e3o automotiva\",\"infraestrutura de recarga\",\"manuten\u00e7\u00e3o de carros\",\"mercado de trabalho\",\"mobilidade el\u00e9trica\",\"reciclagem de baterias\",\"ve\u00edculos el\u00e9tricos\"],\"articleSection\":[\"Carreira\"],\"inLanguage\":\"pt-BR\",\"potentialAction\":[{\"@type\":\"CommentAction\",\"name\":\"Comment\",\"target\":[\"https:\/\/www.jgtvpodcast.com\/?p=780#respond\"]}]},{\"@type\":\"WebPage\",\"@id\":\"https:\/\/www.jgtvpodcast.com\/?p=780\",\"url\":\"https:\/\/www.jgtvpodcast.com\/?p=780\",\"name\":\"Carros el\u00e9tricos abrem espa\u00e7o para novas profiss\u00f5es no Brasil\",\"isPartOf\":{\"@id\":\"https:\/\/jgtv-programas-e-noticias.builderallwppro.com\/#website\"},\"primaryImageOfPage\":{\"@id\":\"https:\/\/www.jgtvpodcast.com\/?p=780#primaryimage\"},\"image\":{\"@id\":\"https:\/\/www.jgtvpodcast.com\/?p=780#primaryimage\"},\"thumbnailUrl\":\"https:\/\/www.jgtvpodcast.com\/wp-content\/uploads\/2026\/09\/Carro-eletrico-Pexels.com-smart-me-ag.jpg\",\"datePublished\":\"2026-09-02T09:00:00+00:00\",\"description\":\"Expans\u00e3o dos carros el\u00e9tricos aumenta a procura por profissionais qualificados em tecnologia, manuten\u00e7\u00e3o e infraestrutura.\",\"breadcrumb\":{\"@id\":\"https:\/\/www.jgtvpodcast.com\/?p=780#breadcrumb\"},\"inLanguage\":\"pt-BR\",\"potentialAction\":[{\"@type\":\"ReadAction\",\"target\":[\"https:\/\/www.jgtvpodcast.com\/?p=780\"]}]},{\"@type\":\"ImageObject\",\"inLanguage\":\"pt-BR\",\"@id\":\"https:\/\/www.jgtvpodcast.com\/?p=780#primaryimage\",\"url\":\"https:\/\/www.jgtvpodcast.com\/wp-content\/uploads\/2026\/09\/Carro-eletrico-Pexels.com-smart-me-ag.jpg\",\"contentUrl\":\"https:\/\/www.jgtvpodcast.com\/wp-content\/uploads\/2026\/09\/Carro-eletrico-Pexels.com-smart-me-ag.jpg\",\"width\":8256,\"height\":5504,\"caption\":\"Cr\u00e9dito imagem - Pexels.com - smart-me-ag\"},{\"@type\":\"BreadcrumbList\",\"@id\":\"https:\/\/www.jgtvpodcast.com\/?p=780#breadcrumb\",\"itemListElement\":[{\"@type\":\"ListItem\",\"position\":1,\"name\":\"In\u00edcio\",\"item\":\"https:\/\/jgtv-programas-e-noticias.builderallwppro.com\/\"},{\"@type\":\"ListItem\",\"position\":2,\"name\":\"Carros el\u00e9tricos abrem espa\u00e7o para novas profiss\u00f5es no Brasil\"}]},{\"@type\":\"WebSite\",\"@id\":\"https:\/\/jgtv-programas-e-noticias.builderallwppro.com\/#website\",\"url\":\"https:\/\/jgtv-programas-e-noticias.builderallwppro.com\/\",\"name\":\"JGTV - Programas e Not\u00edcias\",\"description\":\"Podcasts para Profissionais e Empreendedores - Personalidades, informa\u00e7\u00e3o e conhecimento relacionados a carreira, gest\u00e3o, neg\u00f3cios, desenvolvimento pessoal e lifestyle equilibrado entre vida e trabalho!\",\"publisher\":{\"@id\":\"https:\/\/jgtv-programas-e-noticias.builderallwppro.com\/#organization\"},\"potentialAction\":[{\"@type\":\"SearchAction\",\"target\":{\"@type\":\"EntryPoint\",\"urlTemplate\":\"https:\/\/jgtv-programas-e-noticias.builderallwppro.com\/?s={search_term_string}\"},\"query-input\":{\"@type\":\"PropertyValueSpecification\",\"valueRequired\":true,\"valueName\":\"search_term_string\"}}],\"inLanguage\":\"pt-BR\"},{\"@type\":\"Organization\",\"@id\":\"https:\/\/jgtv-programas-e-noticias.builderallwppro.com\/#organization\",\"name\":\"JGTV - Programas e Not\u00edcias\",\"url\":\"https:\/\/jgtv-programas-e-noticias.builderallwppro.com\/\",\"logo\":{\"@type\":\"ImageObject\",\"inLanguage\":\"pt-BR\",\"@id\":\"https:\/\/jgtv-programas-e-noticias.builderallwppro.com\/#\/schema\/logo\/image\/\",\"url\":\"https:\/\/www.jgtvpodcast.com\/wp-content\/uploads\/2026\/01\/cropped-logoJGTV-1.png\",\"contentUrl\":\"https:\/\/www.jgtvpodcast.com\/wp-content\/uploads\/2026\/01\/cropped-logoJGTV-1.png\",\"width\":1918,\"height\":1080,\"caption\":\"JGTV  - Programas e Not\u00edcias\"},\"image\":{\"@id\":\"https:\/\/jgtv-programas-e-noticias.builderallwppro.com\/#\/schema\/logo\/image\/\"}},{\"@type\":\"Person\",\"@id\":\"https:\/\/jgtv-programas-e-noticias.builderallwppro.com\/#\/schema\/person\/d46f8f8e2b57ff9866441e005ecd0252\",\"name\":\"Reda\u00e7\u00e3o\",\"image\":{\"@type\":\"ImageObject\",\"inLanguage\":\"pt-BR\",\"@id\":\"https:\/\/jgtv-programas-e-noticias.builderallwppro.com\/#\/schema\/person\/image\/\",\"url\":\"https:\/\/secure.gravatar.com\/avatar\/265d249c158d6f9d93f673b7d9bf94f6bba6a8160d079283a23ff922448e4e81?s=96&d=mm&r=g\",\"contentUrl\":\"https:\/\/secure.gravatar.com\/avatar\/265d249c158d6f9d93f673b7d9bf94f6bba6a8160d079283a23ff922448e4e81?s=96&d=mm&r=g\",\"caption\":\"Reda\u00e7\u00e3o\"},\"description\":\"Reda\u00e7\u00e3o\",\"sameAs\":[\"https:\/\/jgtv-programas-e-noticias.builderallwppro.com\"],\"url\":\"https:\/\/www.jgtvpodcast.com\/?author=1\"}]}<\/script>\n<!-- \/ Yoast SEO plugin. -->","yoast_head_json":{"title":"Carros el\u00e9tricos abrem espa\u00e7o para novas profiss\u00f5es no Brasil","description":"Expans\u00e3o dos carros el\u00e9tricos aumenta a procura por profissionais qualificados em tecnologia, manuten\u00e7\u00e3o e infraestrutura.","robots":{"index":"index","follow":"follow","max-snippet":"max-snippet:-1","max-image-preview":"max-image-preview:large","max-video-preview":"max-video-preview:-1"},"canonical":"https:\/\/www.jgtvpodcast.com\/?p=780","og_locale":"pt_BR","og_type":"article","og_title":"Carros el\u00e9tricos abrem espa\u00e7o para novas profiss\u00f5es no Brasil","og_description":"Expans\u00e3o dos carros el\u00e9tricos aumenta a procura por profissionais qualificados em tecnologia, manuten\u00e7\u00e3o e infraestrutura.","og_url":"https:\/\/www.jgtvpodcast.com\/?p=780","og_site_name":"JGTV - Programas e Not\u00edcias","article_published_time":"2026-09-02T09:00:00+00:00","og_image":[{"width":1024,"height":683,"url":"https:\/\/www.jgtvpodcast.com\/wp-content\/uploads\/2026\/09\/Carro-eletrico-Pexels.com-smart-me-ag-1024x683.jpg","type":"image\/jpeg"}],"author":"Reda\u00e7\u00e3o","twitter_card":"summary_large_image","twitter_misc":{"Escrito por":"Reda\u00e7\u00e3o","Est. tempo de leitura":"6 minutos"},"schema":{"@context":"https:\/\/schema.org","@graph":[{"@type":"Article","@id":"https:\/\/www.jgtvpodcast.com\/?p=780#article","isPartOf":{"@id":"https:\/\/www.jgtvpodcast.com\/?p=780"},"author":{"name":"Reda\u00e7\u00e3o","@id":"https:\/\/jgtv-programas-e-noticias.builderallwppro.com\/#\/schema\/person\/d46f8f8e2b57ff9866441e005ecd0252"},"headline":"Carros el\u00e9tricos abrem espa\u00e7o para novas profiss\u00f5es no Brasil","datePublished":"2026-09-02T09:00:00+00:00","mainEntityOfPage":{"@id":"https:\/\/www.jgtvpodcast.com\/?p=780"},"wordCount":1123,"commentCount":0,"publisher":{"@id":"https:\/\/jgtv-programas-e-noticias.builderallwppro.com\/#organization"},"image":{"@id":"https:\/\/www.jgtvpodcast.com\/?p=780#primaryimage"},"thumbnailUrl":"https:\/\/www.jgtvpodcast.com\/wp-content\/uploads\/2026\/09\/Carro-eletrico-Pexels.com-smart-me-ag.jpg","keywords":["carreira","Eletrifica\u00e7\u00e3o","eletrifica\u00e7\u00e3o automotiva","infraestrutura de recarga","manuten\u00e7\u00e3o de carros","mercado de trabalho","mobilidade el\u00e9trica","reciclagem de baterias","ve\u00edculos el\u00e9tricos"],"articleSection":["Carreira"],"inLanguage":"pt-BR","potentialAction":[{"@type":"CommentAction","name":"Comment","target":["https:\/\/www.jgtvpodcast.com\/?p=780#respond"]}]},{"@type":"WebPage","@id":"https:\/\/www.jgtvpodcast.com\/?p=780","url":"https:\/\/www.jgtvpodcast.com\/?p=780","name":"Carros el\u00e9tricos abrem espa\u00e7o para novas profiss\u00f5es no Brasil","isPartOf":{"@id":"https:\/\/jgtv-programas-e-noticias.builderallwppro.com\/#website"},"primaryImageOfPage":{"@id":"https:\/\/www.jgtvpodcast.com\/?p=780#primaryimage"},"image":{"@id":"https:\/\/www.jgtvpodcast.com\/?p=780#primaryimage"},"thumbnailUrl":"https:\/\/www.jgtvpodcast.com\/wp-content\/uploads\/2026\/09\/Carro-eletrico-Pexels.com-smart-me-ag.jpg","datePublished":"2026-09-02T09:00:00+00:00","description":"Expans\u00e3o dos carros el\u00e9tricos aumenta a procura por profissionais qualificados em tecnologia, manuten\u00e7\u00e3o e infraestrutura.","breadcrumb":{"@id":"https:\/\/www.jgtvpodcast.com\/?p=780#breadcrumb"},"inLanguage":"pt-BR","potentialAction":[{"@type":"ReadAction","target":["https:\/\/www.jgtvpodcast.com\/?p=780"]}]},{"@type":"ImageObject","inLanguage":"pt-BR","@id":"https:\/\/www.jgtvpodcast.com\/?p=780#primaryimage","url":"https:\/\/www.jgtvpodcast.com\/wp-content\/uploads\/2026\/09\/Carro-eletrico-Pexels.com-smart-me-ag.jpg","contentUrl":"https:\/\/www.jgtvpodcast.com\/wp-content\/uploads\/2026\/09\/Carro-eletrico-Pexels.com-smart-me-ag.jpg","width":8256,"height":5504,"caption":"Cr\u00e9dito imagem - Pexels.com - smart-me-ag"},{"@type":"BreadcrumbList","@id":"https:\/\/www.jgtvpodcast.com\/?p=780#breadcrumb","itemListElement":[{"@type":"ListItem","position":1,"name":"In\u00edcio","item":"https:\/\/jgtv-programas-e-noticias.builderallwppro.com\/"},{"@type":"ListItem","position":2,"name":"Carros el\u00e9tricos abrem espa\u00e7o para novas profiss\u00f5es no Brasil"}]},{"@type":"WebSite","@id":"https:\/\/jgtv-programas-e-noticias.builderallwppro.com\/#website","url":"https:\/\/jgtv-programas-e-noticias.builderallwppro.com\/","name":"JGTV - Programas e Not\u00edcias","description":"Podcasts para Profissionais e Empreendedores - Personalidades, informa\u00e7\u00e3o e conhecimento relacionados a carreira, gest\u00e3o, neg\u00f3cios, desenvolvimento pessoal e lifestyle equilibrado entre vida e trabalho!","publisher":{"@id":"https:\/\/jgtv-programas-e-noticias.builderallwppro.com\/#organization"},"potentialAction":[{"@type":"SearchAction","target":{"@type":"EntryPoint","urlTemplate":"https:\/\/jgtv-programas-e-noticias.builderallwppro.com\/?s={search_term_string}"},"query-input":{"@type":"PropertyValueSpecification","valueRequired":true,"valueName":"search_term_string"}}],"inLanguage":"pt-BR"},{"@type":"Organization","@id":"https:\/\/jgtv-programas-e-noticias.builderallwppro.com\/#organization","name":"JGTV - Programas e Not\u00edcias","url":"https:\/\/jgtv-programas-e-noticias.builderallwppro.com\/","logo":{"@type":"ImageObject","inLanguage":"pt-BR","@id":"https:\/\/jgtv-programas-e-noticias.builderallwppro.com\/#\/schema\/logo\/image\/","url":"https:\/\/www.jgtvpodcast.com\/wp-content\/uploads\/2026\/01\/cropped-logoJGTV-1.png","contentUrl":"https:\/\/www.jgtvpodcast.com\/wp-content\/uploads\/2026\/01\/cropped-logoJGTV-1.png","width":1918,"height":1080,"caption":"JGTV  - Programas e Not\u00edcias"},"image":{"@id":"https:\/\/jgtv-programas-e-noticias.builderallwppro.com\/#\/schema\/logo\/image\/"}},{"@type":"Person","@id":"https:\/\/jgtv-programas-e-noticias.builderallwppro.com\/#\/schema\/person\/d46f8f8e2b57ff9866441e005ecd0252","name":"Reda\u00e7\u00e3o","image":{"@type":"ImageObject","inLanguage":"pt-BR","@id":"https:\/\/jgtv-programas-e-noticias.builderallwppro.com\/#\/schema\/person\/image\/","url":"https:\/\/secure.gravatar.com\/avatar\/265d249c158d6f9d93f673b7d9bf94f6bba6a8160d079283a23ff922448e4e81?s=96&d=mm&r=g","contentUrl":"https:\/\/secure.gravatar.com\/avatar\/265d249c158d6f9d93f673b7d9bf94f6bba6a8160d079283a23ff922448e4e81?s=96&d=mm&r=g","caption":"Reda\u00e7\u00e3o"},"description":"Reda\u00e7\u00e3o","sameAs":["https:\/\/jgtv-programas-e-noticias.builderallwppro.com"],"url":"https:\/\/www.jgtvpodcast.com\/?author=1"}]}},"_links":{"self":[{"href":"https:\/\/www.jgtvpodcast.com\/index.php?rest_route=\/wp\/v2\/posts\/780","targetHints":{"allow":["GET"]}}],"collection":[{"href":"https:\/\/www.jgtvpodcast.com\/index.php?rest_route=\/wp\/v2\/posts"}],"about":[{"href":"https:\/\/www.jgtvpodcast.com\/index.php?rest_route=\/wp\/v2\/types\/post"}],"author":[{"embeddable":true,"href":"https:\/\/www.jgtvpodcast.com\/index.php?rest_route=\/wp\/v2\/users\/1"}],"replies":[{"embeddable":true,"href":"https:\/\/www.jgtvpodcast.com\/index.php?rest_route=%2Fwp%2Fv2%2Fcomments&post=780"}],"version-history":[{"count":7,"href":"https:\/\/www.jgtvpodcast.com\/index.php?rest_route=\/wp\/v2\/posts\/780\/revisions"}],"predecessor-version":[{"id":794,"href":"https:\/\/www.jgtvpodcast.com\/index.php?rest_route=\/wp\/v2\/posts\/780\/revisions\/794"}],"wp:featuredmedia":[{"embeddable":true,"href":"https:\/\/www.jgtvpodcast.com\/index.php?rest_route=\/wp\/v2\/media\/786"}],"wp:attachment":[{"href":"https:\/\/www.jgtvpodcast.com\/index.php?rest_route=%2Fwp%2Fv2%2Fmedia&parent=780"}],"wp:term":[{"taxonomy":"category","embeddable":true,"href":"https:\/\/www.jgtvpodcast.com\/index.php?rest_route=%2Fwp%2Fv2%2Fcategories&post=780"},{"taxonomy":"post_tag","embeddable":true,"href":"https:\/\/www.jgtvpodcast.com\/index.php?rest_route=%2Fwp%2Fv2%2Ftags&post=780"}],"curies":[{"name":"wp","href":"https:\/\/api.w.org\/{rel}","templated":true}]}}