{"id":712,"date":"2026-08-20T23:16:03","date_gmt":"2026-08-21T02:16:03","guid":{"rendered":"https:\/\/jgtvpodcast.com\/?p=712"},"modified":"2026-08-21T02:42:26","modified_gmt":"2026-08-21T05:42:26","slug":"conarh-2026-desafio-cuidar-das-pessoas","status":"publish","type":"post","link":"https:\/\/www.jgtvpodcast.com\/?p=712","title":{"rendered":"CONARH 2026: o desafio de cuidar das pessoas foi atualizado"},"content":{"rendered":"\n<h1 class=\"wp-block-heading\"><strong>Tecnologia, sa\u00fade mental, lideran\u00e7a, benef\u00edcios e prote\u00e7\u00e3o financeira mostram como o cuidado com o trabalhador ganha espa\u00e7o estrat\u00e9gico na gest\u00e3o de pessoas<\/strong><\/h1>\n\n\n\n<p><\/p>\n\n\n\n<p>Um dos principais eventos de recursos humanos da Am\u00e9rica Latina, o <strong>CONARH 2026<\/strong>, realizado de 18 de agosto at\u00e9 hoje, 20, no <strong>S\u00e3o Paulo Expo<\/strong>, na capital paulista, reuniu profissionais, empresas e especialistas para discutir os principais desafios e transforma\u00e7\u00f5es que atravessam o mundo do trabalho. Neste ano, a programa\u00e7\u00e3o refor\u00e7ou uma tend\u00eancia que j\u00e1 vinha se estabelecendo no setor: colocar as <strong>pessoas no centro das decis\u00f5es<\/strong>, integrando cuidado, tecnologia, produtividade e resultados, <strong>humanizando marcas e gest\u00e3o<\/strong>.<\/p>\n\n\n\n<p>A agenda do congresso e das palestras e workshops paralelos, bem como os lan\u00e7amentos apresentados pelas empresas participantes da feira organizada pelo <strong>CONARH 2026<\/strong>, mostram que o desafio de cuidar dos trabalhadores ganhou novas dimens\u00f5es. Sa\u00fade mental, desenvolvimento de lideran\u00e7as, benef\u00edcios personalizados, sa\u00fade digital e prote\u00e7\u00e3o financeira aparecem cada vez mais conectados a uma mesma quest\u00e3o: <strong>como as organiza\u00e7\u00f5es podem responder \u00e0s necessidades reais de quem trabalha?<\/strong><\/p>\n\n\n\n<p>A resposta a essa pergunta aponta para uma mudan\u00e7a na pr\u00f3pria concep\u00e7\u00e3o da gest\u00e3o de pessoas: <strong>o cuidado parece estar sendo tratado, finalmente, como parte da estrat\u00e9gia do neg\u00f3cio.<\/strong><\/p>\n\n\n\n<h2 class=\"wp-block-heading\">Prote\u00e7\u00e3o financeira tamb\u00e9m \u00e9 aten\u00e7\u00e3o ao trabalhador<\/h2>\n\n\n\n<p>Um dos exemplos dessa transforma\u00e7\u00e3o apareceu na participa\u00e7\u00e3o da <strong>BIZ<\/strong>, que apresentou, no <strong>CONARH 2026<\/strong>, solu\u00e7\u00f5es voltadas n\u00e3o apenas \u00e0 oferta de benef\u00edcios, mas \u00e0 prote\u00e7\u00e3o do trabalhador diante de situa\u00e7\u00f5es concretas de vulnerabilidade financeira.<\/p>\n\n\n\n<p>A empresa, que patrocinou a plen\u00e1ria de encerramento do congresso e levou ao Brasil o especialista <strong><a href=\"https:\/\/www.richardbarrettauthor.com\/\">Richard Barrett<\/a>, criador do Barrett Values Centre<\/strong>, em parceria com a <strong>Alper Seguros<\/strong>, aposta em um modelo que amplia o papel dos benef\u00edcios corporativos na rela\u00e7\u00e3o entre empresas e colaboradores, o que ocorre por meio de sua plataforma <em>white label<\/em>, personalizada de acordo com a identidade da empresa, gerando mais engajamento com a pr\u00f3pria companhia e sua gest\u00e3o.<\/p>\n\n\n\n<p><\/p>\n\n\n\n<p>Entre os produtos apresentados est\u00e3o recursos como <strong>antecipa\u00e7\u00e3o salarial <\/strong>e <strong>solu\u00e7\u00f5es de cr\u00e9dito<\/strong> estruturadas para situa\u00e7\u00f5es emergenciais. A proposta \u00e9 reduzir a press\u00e3o financeira sobre o trabalhador e, consequentemente, seus impactos sobre a vida profissional e pessoal.<\/p>\n\n\n\n<p>\u00c9 nesse contexto que uma esp\u00e9cie de <strong>\u201cblindagem anti-bets\u201d<\/strong> apresentada pela empresa ganha relev\u00e2ncia. Os servi\u00e7os t\u00eam travas para impedir que recursos financeiros destinados ao trabalhador sejam utilizados em plataformas de apostas online, o que desloca o debate sobre benef\u00edcios para uma <strong>dimens\u00e3o mais ampla de cuidado<\/strong>: proteger n\u00e3o apenas a renda, mas o patrim\u00f4nio e a seguran\u00e7a financeira das fam\u00edlias.<br><br>Em entrevista durante o evento, o CEO da vertical de benef\u00edcios da <strong>BIZ<\/strong>, <strong><a href=\"https:\/\/www.linkedin.com\/in\/clayton-pedro\/\">Clayton Pedro<\/a><\/strong>, destacou, ainda, a expans\u00e3o dos Servi\u00e7os de Valor Agregado (SVAS) da operadora, estruturados por meio de parcerias com redes de sa\u00fade e drogarias.<\/p>\n\n\n\n<p>Clayton afirma que a empresa captou uma mudan\u00e7a importante na agenda do RH: se o trabalhador chega \u00e0 empresa carregando preocupa\u00e7\u00f5es financeiras, emocionais e familiares, n\u00e3o \u00e9 mais poss\u00edvel pensar o benef\u00edcio corporativo apenas como uma vantagem adicional. O produto passa a integrar uma <strong>estrat\u00e9gia de cuidado e reten\u00e7\u00e3o de talentos<\/strong>.<\/p>\n\n\n\n<h2 class=\"wp-block-heading\">Lideran\u00e7a entre o sonho e o principal desafio do RH<\/h2>\n\n\n\n<p>Ainda na esteira do cuidado e da reten\u00e7\u00e3o de talentos, a <strong>pesquisa \u201cSonhos do RH\u201d<\/strong>, conduzida pela <strong>Conexa <\/strong>em parceria com a <strong>Zenklub<\/strong>, mostra que a <strong>lideran\u00e7a ideal <\/strong>ocupa, simultaneamente, o topo das <strong>ambi\u00e7\u00f5es e das preocupa\u00e7\u00f5es<\/strong> dos profissionais de Recursos Humanos.<\/p>\n\n\n\n<p>Segundo o levantamento, <strong>46% dos respondentes<\/strong> consideram o <strong>desenvolvimento de l\u00edderes<\/strong> um dos pap\u00e9is centrais da gest\u00e3o de pessoas para os pr\u00f3ximos cinco anos.<\/p>\n\n\n\n<p>O paradoxo aparece quando se observa o que os profissionais esperam dessas lideran\u00e7as. <strong>Para 38%, o cen\u00e1rio ideal envolve a constru\u00e7\u00e3o de l\u00edderes mais humanos<\/strong>, capazes de atuar como agentes de cuidado e desenvolvimento das equipes. Exatamente a mesma propor\u00e7\u00e3o, <strong>38%, aponta o despreparo das chefias <\/strong>como uma das principais fontes de preocupa\u00e7\u00e3o no cotidiano.<\/p>\n\n\n\n<p>O levantamento mostra ainda que <strong>16% dos profissionais identificam a falta de apoio do board <\/strong>como um dos entraves para avan\u00e7ar na agenda de lideran\u00e7a. Outros <strong>24% afirmam que priorizariam o desenvolvimento de posi\u00e7\u00f5es de comando caso tivessem mais recursos<\/strong>.<\/p>\n\n\n\n<p>Para <strong><a href=\"https:\/\/br.linkedin.com\/in\/mariabarretod\">Maria Barreto<\/a>, vice-presidente da Conexa<\/strong>, o desenvolvimento de l\u00edderes est\u00e1 entre as prioridades urgentes do RH justamente porque a lideran\u00e7a precisa assumir um papel que ultrapassa a gest\u00e3o de tarefas e resultados.<\/p>\n\n\n\n<p>Quando preparada para atuar como agente de cuidado e crescimento, a lideran\u00e7a contribui para que o RH deixe de agir apenas de forma reativa, mediando conflitos e \u201capagando inc\u00eandios\u201d, e passe a trabalhar de maneira mais estrat\u00e9gica, conectando sa\u00fade integral, engajamento e resultados do neg\u00f3cio.<\/p>\n\n\n\n<h2 class=\"wp-block-heading\">Sa\u00fade mental deixa de ser pauta perif\u00e9rica<\/h2>\n\n\n\n<p>A discuss\u00e3o sobre lideran\u00e7a conduz diretamente a outro dos grandes temas presentes no CONARH 2026: a sa\u00fade mental no ambiente corporativo.<\/p>\n\n\n\n<p>A pesquisa da <strong>Conexa e da Zenklub<\/strong> identifica uma dist\u00e2ncia entre o reconhecimento da import\u00e2ncia do bem-estar e a prioridade efetivamente dada ao tema pelas organiza\u00e7\u00f5es. Para <strong>Maria<\/strong>, as empresas j\u00e1 compreendem o <strong>impacto da sa\u00fade e do bem-estar sobre os resultados<\/strong>, mas ainda existe espa\u00e7o para transformar esse reconhecimento em decis\u00f5es concretas.<\/p>\n\n\n\n<p>A proposta \u00e9 aproximar sa\u00fade e estrat\u00e9gia de neg\u00f3cio por meio de dados, preven\u00e7\u00e3o e acesso ao cuidado, colocando o desenvolvimento das lideran\u00e7as entre os primeiros passos dessa transforma\u00e7\u00e3o.<\/p>\n\n\n\n<p>Essa perspectiva tamb\u00e9m esteve presente na participa\u00e7\u00e3o da <strong>SulAm\u00e9rica<\/strong> no congresso. A companhia levou ao evento discuss\u00f5es sobre sa\u00fade mental, sa\u00fade digital e inova\u00e7\u00e3o, tendo a telemedicina como um dos principais eixos de sua participa\u00e7\u00e3o, impulsionada pela <strong>Docway, bra\u00e7o de servi\u00e7os de sa\u00fade digital da <strong>SulAm\u00e9rica<\/strong><\/strong>.<\/p>\n\n\n\n<p>Na <strong>Arena SulAm\u00e9rica<\/strong>, espa\u00e7o com capacidade para 180 pessoas, uma programa\u00e7\u00e3o de palestras e pain\u00e9is abordou temas relacionados a bem-estar, gest\u00e3o de pessoas e futuro do trabalho.<\/p>\n\n\n\n<p>A tecnologia apareceu associada \u00e0 humaniza\u00e7\u00e3o. Em pain\u00e9is conduzidos por <a href=\"https:\/\/www.linkedin.com\/in\/giovanna-bordon-a3444675\/\"><strong>Giovanna Bordon<\/strong><\/a>, <strong><strong>Superintendente da Docway<\/strong><\/strong>, a intelig\u00eancia artificial foi discutida como ferramenta de apoio a processos de contrata\u00e7\u00e3o e triagem de sa\u00fade, sem que a tecnologia substitua o acolhimento humano.<\/p>\n\n\n\n<p>A programa\u00e7\u00e3o tamb\u00e9m colocou a sa\u00fade mental em evid\u00eancia, com a participa\u00e7\u00e3o da psiquiatra <strong>Ana Beatriz Barbosa<\/strong>, que discutiu os desafios do cuidado emocional nas empresas e a necessidade de lideran\u00e7as preparadas para lidar com situa\u00e7\u00f5es de esgotamento profissional.<\/p>\n\n\n\n<h2 class=\"wp-block-heading\">Benef\u00edcios mais pr\u00f3ximos das necessidades reais<\/h2>\n\n\n\n<p>A evolu\u00e7\u00e3o dos <strong>benef\u00edcios corporativos de sa\u00fade<\/strong> com olhar na <strong>necessidade real do trabalhador<\/strong> transformou propostas de sa\u00fade isoladas em suas especialidades para programas de aten\u00e7\u00e3o ao <strong>bem-estar integral<\/strong>. Nesse cen\u00e1rio, esses produtos deixam de ser vistos apenas como instrumentos de atra\u00e7\u00e3o e reten\u00e7\u00e3o de talentos e passam a fazer parte de uma <strong>experi\u00eancia mais ampla de cuidado<\/strong>.<\/p>\n\n\n\n<p>No caso da <strong>TotalPass<\/strong>, uma das empresas participantes da feira no <strong>CONARH 2026<\/strong>, a companhia ampliando cada vez mais o seu conceito de bem-estar para al\u00e9m da pr\u00e1tica de atividades f\u00edsicas, foco que era o seu <em>core business<\/em> no setor de benef\u00edcios corporativos. Segundo <strong><a href=\"https:\/\/www.linkedin.com\/in\/ritaruas\/\">Rita Ruas<\/a>, head de Sucesso do Cliente<\/strong> da empresa, o movimento acompanha a mudan\u00e7a percebida pelos RHs nas expectativas dos usu\u00e1rios da plataforma, que buscam solu\u00e7\u00f5es capazes de responder a diferentes dimens\u00f5es da vida.<\/p>\n\n\n\n<p>A l\u00f3gica \u00e9 semelhante \u00e0 apresentada pela BIZ, embora por caminhos diferentes: compreender que as necessidades do trabalhador n\u00e3o terminam no ambiente de trabalho. Sa\u00fade f\u00edsica, sa\u00fade mental, situa\u00e7\u00e3o financeira, acesso a servi\u00e7os e qualidade de vida est\u00e3o interligados.<\/p>\n\n\n\n<p>Para o RH, isso significa lidar com uma equa\u00e7\u00e3o mais complexa. N\u00e3o basta oferecer um pacote de benef\u00edcios. \u00c9 preciso entender se aquilo que est\u00e1 sendo oferecido efetivamente responde \u00e0s necessidades das pessoas.<\/p>\n\n\n<div class=\"wp-block-image\">\n<figure class=\"aligncenter size-large\"><img  title=\"\" loading=\"lazy\" decoding=\"async\" width=\"1024\" height=\"559\" src=\"https:\/\/jgtvpodcast.com\/wp-content\/uploads\/2026\/08\/ChatGPT-Image-20-de-ago.-de-2026-21_28_23-1024x559.png\"  alt=\"ChatGPT-Image-20-de-ago.-de-2026-21_28_23-1024x559 CONARH 2026: o desafio de cuidar das pessoas foi atualizado\"  class=\"wp-image-715\" srcset=\"https:\/\/www.jgtvpodcast.com\/wp-content\/uploads\/2026\/08\/ChatGPT-Image-20-de-ago.-de-2026-21_28_23-1024x559.png 1024w, https:\/\/www.jgtvpodcast.com\/wp-content\/uploads\/2026\/08\/ChatGPT-Image-20-de-ago.-de-2026-21_28_23-300x164.png 300w, https:\/\/www.jgtvpodcast.com\/wp-content\/uploads\/2026\/08\/ChatGPT-Image-20-de-ago.-de-2026-21_28_23-768x420.png 768w, https:\/\/www.jgtvpodcast.com\/wp-content\/uploads\/2026\/08\/ChatGPT-Image-20-de-ago.-de-2026-21_28_23-1536x839.png 1536w, https:\/\/www.jgtvpodcast.com\/wp-content\/uploads\/2026\/08\/ChatGPT-Image-20-de-ago.-de-2026-21_28_23.png 1697w\" sizes=\"auto, (max-width: 1024px) 100vw, 1024px\" \/><figcaption class=\"wp-element-caption\">Da esquerda para a direita: Clayton Pedro, CEO da vertical de benef\u00edcios da BIZ; Giovanna Bordon, Superintendente da Docway; Rita Ruas, head de Sucesso do Cliente da TotalPass, e Maria Barreto, vice-presidente da Conexa: olhar para demandas reais de colaboradores e RHs (Cr\u00e9dito: reprodu\u00e7\u00e3o\/registros JG TV +IA)<\/figcaption><\/figure>\n<\/div>\n\n\n<p>A companhia tamb\u00e9m apresentou no evento resultados e iniciativas relacionados ao <strong>Pr\u00eamio RH de Bem-Estar by TotalPass<\/strong>, criado para reconhecer organiza\u00e7\u00f5es que desenvolvem pr\u00e1ticas capazes de produzir impacto concreto na experi\u00eancia dos colaboradores. A avalia\u00e7\u00e3o considera aspectos como inova\u00e7\u00e3o, impacto no bem-estar e ader\u00eancia aos valores da empresa, com an\u00e1lise t\u00e9cnica e participa\u00e7\u00e3o de especialistas.<\/p>\n\n\n\n<h2 class=\"wp-block-heading\">Tecnologia para aproximar empresas e trabalhadores<\/h2>\n\n\n\n<p>A tecnologia atravessou boa parte das discuss\u00f5es do <strong>CONARH 2026<\/strong>, mas com uma mudan\u00e7a de perspectiva. O desafio n\u00e3o \u00e9 mais simplesmente <strong>digitalizar processos <\/strong>de Recursos Humanos. \u00c9 utilizar a tecnologia para tornar o cuidado mais acess\u00edvel, personalizado e <strong>conectado \u00e0 realidade dos trabalhadores<\/strong>.<\/p>\n\n\n\n<p>A participa\u00e7\u00e3o da <strong>Nexti<\/strong> no <strong>CONARH 2026<\/strong> tamb\u00e9m se insere nesse movimento, ao apresentar solu\u00e7\u00f5es voltadas \u00e0 gest\u00e3o de pessoas e \u00e0 digitaliza\u00e7\u00e3o de processos relacionados \u00e0 jornada dos trabalhadores.<\/p>\n\n\n\n<p>A transforma\u00e7\u00e3o digital do RH, nesse contexto, deixa de ser apenas uma quest\u00e3o operacional, como lembra <a href=\"https:\/\/www.linkedin.com\/in\/marcelogomescfa\/\"><strong>Marcelo Gomes<\/strong><\/a><strong>, CEO da Nexti<\/strong>. Dados, automa\u00e7\u00e3o e plataformas digitais podem liberar o RH de tarefas burocr\u00e1ticas e permitir que a \u00e1rea concentre mais energia naquilo que dificilmente pode ser automatizado: compreender pessoas, desenvolver lideran\u00e7as, prevenir problemas e construir rela\u00e7\u00f5es mais sustent\u00e1veis entre trabalhadores e organiza\u00e7\u00f5es.<\/p>\n\n\n\n<p>\u00c9 justamente nessa interse\u00e7\u00e3o entre tecnologia e humaniza\u00e7\u00e3o que se encontra um dos principais desafios apresentados pelo evento.<\/p>\n\n\n\n<div class=\"wp-block-group\"><div class=\"wp-block-group__inner-container is-layout-constrained wp-block-group-is-layout-constrained\">\n<h2 class=\"wp-block-heading\">O cuidado como estrat\u00e9gia de neg\u00f3cio<\/h2>\n<\/div><\/div>\n\n\n\n<p>Os diferentes an\u00fancios e discuss\u00f5es que marcaram o CONARH 2026 apontam para uma mesma transforma\u00e7\u00e3o. O cuidado com as pessoas est\u00e1 deixando de ser tratado como uma agenda paralela \u00e0 estrat\u00e9gia empresarial.<\/p>\n\n\n\n<p>A prote\u00e7\u00e3o financeira apresentada pela BIZ, o desenvolvimento de lideran\u00e7as identificado como prioridade pela pesquisa Conexa e Zenklub, os debates sobre sa\u00fade mental e telemedicina da SulAm\u00e9rica e da Docway e a evolu\u00e7\u00e3o dos benef\u00edcios e das ferramentas digitais como as da Nexti mostram que as fronteiras entre gest\u00e3o, sa\u00fade, tecnologia e bem-estar est\u00e3o cada vez mais estreitas.<\/p>\n\n\n\n<p>O desafio do RH, portanto, n\u00e3o parece ser escolher entre pessoas e resultados, mas justamente construir modelos de gest\u00e3o capazes de compreender que uma dimens\u00e3o depende da outra.<\/p>\n\n\n\n<hr class=\"wp-block-separator has-alpha-channel-opacity\"\/>\n\n\n\n<h2 class=\"wp-block-heading\">Confira os v\u00eddeos relacionados ao CONARH 2026 em nosso canal no YouTube<\/h2>\n\n\n\n<figure class=\"wp-block-embed is-type-video is-provider-youtube wp-block-embed-youtube wp-embed-aspect-16-9 wp-has-aspect-ratio\"><div class=\"wp-block-embed__wrapper\">\n<iframe loading=\"lazy\" title=\"CONARH 2026\" width=\"640\" height=\"360\" src=\"https:\/\/www.youtube.com\/embed\/videoseries?list=PLNKKcvIVlbqw\" frameborder=\"0\" allow=\"accelerometer; autoplay; clipboard-write; encrypted-media; gyroscope; picture-in-picture; web-share\" referrerpolicy=\"strict-origin-when-cross-origin\" allowfullscreen><\/iframe>\n<\/div><\/figure>\n\n\n\n<p><br><\/p>\n","protected":false},"excerpt":{"rendered":"<p>Tecnologia, sa\u00fade mental, lideran\u00e7a, benef\u00edcios e prote\u00e7\u00e3o financeira mostram como o cuidado com o trabalhador ganha espa\u00e7o estrat\u00e9gico na gest\u00e3o de pessoas Um dos principais eventos de recursos humanos da Am\u00e9rica Latina, o CONARH 2026, realizado de 18 de agosto at\u00e9 hoje, 20, no S\u00e3o Paulo Expo, na capital paulista, reuniu profissionais, empresas e especialistas [&hellip;]<\/p>\n","protected":false},"author":1,"featured_media":717,"comment_status":"open","ping_status":"open","sticky":false,"template":"","format":"standard","meta":{"footnotes":""},"categories":[23],"tags":[139,210,207,209,81,45,157,47,208,212,211],"class_list":["post-712","post","type-post","status-publish","format-standard","has-post-thumbnail","hentry","category-geral","tag-bem-estar-corporativo","tag-beneficios-corporativos","tag-cuidado-com-trabalhadores","tag-desenvolvimento-de-lideres","tag-gestao-de-pessoas","tag-lideranca","tag-rh-estrategico","tag-saude-financeira","tag-saude-mental-nas-empresas","tag-tecnologia-no-rh","tag-telemedicina"],"yoast_head":"<!-- This site is optimized with the Yoast SEO plugin v26.8 - https:\/\/yoast.com\/product\/yoast-seo-wordpress\/ -->\n<title>CONARH 2026: o desafio de cuidar das pessoas foi atualizado - JGTV - Programas e Not\u00edcias<\/title>\n<meta name=\"description\" content=\"CONARH 2026 mostra como lideran\u00e7a, sa\u00fade mental, tecnologia, benef\u00edcios e prote\u00e7\u00e3o financeira transformam o cuidado com os trabalhadores.\" \/>\n<meta name=\"robots\" content=\"index, follow, max-snippet:-1, max-image-preview:large, max-video-preview:-1\" \/>\n<link rel=\"canonical\" href=\"https:\/\/jgtv-programas-e-noticias.builderallwppro.com\/?p=712\" \/>\n<meta property=\"og:locale\" content=\"pt_BR\" \/>\n<meta property=\"og:type\" content=\"article\" \/>\n<meta property=\"og:title\" content=\"CONARH 2026: o desafio de cuidar das pessoas foi atualizado - JGTV - Programas e Not\u00edcias\" \/>\n<meta property=\"og:description\" content=\"CONARH 2026 mostra como lideran\u00e7a, sa\u00fade mental, tecnologia, benef\u00edcios e prote\u00e7\u00e3o financeira transformam o cuidado com os trabalhadores.\" \/>\n<meta property=\"og:url\" content=\"https:\/\/jgtv-programas-e-noticias.builderallwppro.com\/?p=712\" \/>\n<meta property=\"og:site_name\" content=\"JGTV - Programas e Not\u00edcias\" \/>\n<meta property=\"article:published_time\" content=\"2026-08-21T02:16:03+00:00\" \/>\n<meta property=\"article:modified_time\" content=\"2026-08-21T05:42:26+00:00\" \/>\n<meta property=\"og:image\" content=\"https:\/\/jgtv-programas-e-noticias.builderallwppro.com\/wp-content\/uploads\/2026\/08\/IMG20260819152521-scaled-e1787278005302.jpg\" \/>\n\t<meta property=\"og:image:width\" content=\"1920\" \/>\n\t<meta property=\"og:image:height\" content=\"1545\" \/>\n\t<meta property=\"og:image:type\" content=\"image\/jpeg\" \/>\n<meta name=\"author\" content=\"Reda\u00e7\u00e3o\" \/>\n<meta name=\"twitter:card\" content=\"summary_large_image\" \/>\n<meta name=\"twitter:label1\" content=\"Escrito por\" \/>\n\t<meta name=\"twitter:data1\" content=\"Reda\u00e7\u00e3o\" \/>\n\t<meta name=\"twitter:label2\" content=\"Est. tempo de leitura\" \/>\n\t<meta name=\"twitter:data2\" content=\"10 minutos\" \/>\n<script type=\"application\/ld+json\" class=\"yoast-schema-graph\">{\"@context\":\"https:\/\/schema.org\",\"@graph\":[{\"@type\":\"Article\",\"@id\":\"https:\/\/jgtv-programas-e-noticias.builderallwppro.com\/?p=712#article\",\"isPartOf\":{\"@id\":\"https:\/\/jgtv-programas-e-noticias.builderallwppro.com\/?p=712\"},\"author\":{\"name\":\"Reda\u00e7\u00e3o\",\"@id\":\"https:\/\/jgtv-programas-e-noticias.builderallwppro.com\/#\/schema\/person\/d46f8f8e2b57ff9866441e005ecd0252\"},\"headline\":\"CONARH 2026: o desafio de cuidar das pessoas foi atualizado\",\"datePublished\":\"2026-08-21T02:16:03+00:00\",\"dateModified\":\"2026-08-21T05:42:26+00:00\",\"mainEntityOfPage\":{\"@id\":\"https:\/\/jgtv-programas-e-noticias.builderallwppro.com\/?p=712\"},\"wordCount\":1834,\"commentCount\":0,\"publisher\":{\"@id\":\"https:\/\/jgtv-programas-e-noticias.builderallwppro.com\/#organization\"},\"image\":{\"@id\":\"https:\/\/jgtv-programas-e-noticias.builderallwppro.com\/?p=712#primaryimage\"},\"thumbnailUrl\":\"https:\/\/www.jgtvpodcast.com\/wp-content\/uploads\/2026\/08\/IMG20260819152521-scaled-e1787278005302.jpg\",\"keywords\":[\"bem-estar corporativo\",\"benef\u00edcios corporativos\",\"cuidado com trabalhadores\",\"desenvolvimento de l\u00edderes\",\"gest\u00e3o de pessoas\",\"lideran\u00e7a\",\"RH estrat\u00e9gico\",\"sa\u00fade financeira\",\"sa\u00fade mental nas empresas\",\"tecnologia no RH\",\"telemedicina\"],\"articleSection\":[\"Geral\"],\"inLanguage\":\"pt-BR\",\"potentialAction\":[{\"@type\":\"CommentAction\",\"name\":\"Comment\",\"target\":[\"https:\/\/jgtv-programas-e-noticias.builderallwppro.com\/?p=712#respond\"]}]},{\"@type\":\"WebPage\",\"@id\":\"https:\/\/jgtv-programas-e-noticias.builderallwppro.com\/?p=712\",\"url\":\"https:\/\/jgtv-programas-e-noticias.builderallwppro.com\/?p=712\",\"name\":\"CONARH 2026: o desafio de cuidar das pessoas foi atualizado - JGTV - Programas e Not\u00edcias\",\"isPartOf\":{\"@id\":\"https:\/\/jgtv-programas-e-noticias.builderallwppro.com\/#website\"},\"primaryImageOfPage\":{\"@id\":\"https:\/\/jgtv-programas-e-noticias.builderallwppro.com\/?p=712#primaryimage\"},\"image\":{\"@id\":\"https:\/\/jgtv-programas-e-noticias.builderallwppro.com\/?p=712#primaryimage\"},\"thumbnailUrl\":\"https:\/\/www.jgtvpodcast.com\/wp-content\/uploads\/2026\/08\/IMG20260819152521-scaled-e1787278005302.jpg\",\"datePublished\":\"2026-08-21T02:16:03+00:00\",\"dateModified\":\"2026-08-21T05:42:26+00:00\",\"description\":\"CONARH 2026 mostra como lideran\u00e7a, sa\u00fade mental, tecnologia, benef\u00edcios e prote\u00e7\u00e3o financeira transformam o cuidado com os trabalhadores.\",\"breadcrumb\":{\"@id\":\"https:\/\/jgtv-programas-e-noticias.builderallwppro.com\/?p=712#breadcrumb\"},\"inLanguage\":\"pt-BR\",\"potentialAction\":[{\"@type\":\"ReadAction\",\"target\":[\"https:\/\/jgtv-programas-e-noticias.builderallwppro.com\/?p=712\"]}]},{\"@type\":\"ImageObject\",\"inLanguage\":\"pt-BR\",\"@id\":\"https:\/\/jgtv-programas-e-noticias.builderallwppro.com\/?p=712#primaryimage\",\"url\":\"https:\/\/www.jgtvpodcast.com\/wp-content\/uploads\/2026\/08\/IMG20260819152521-scaled-e1787278005302.jpg\",\"contentUrl\":\"https:\/\/www.jgtvpodcast.com\/wp-content\/uploads\/2026\/08\/IMG20260819152521-scaled-e1787278005302.jpg\",\"width\":1920,\"height\":1545,\"caption\":\"Festival do Trabalho: palco com palestras espa\u00e7os tem\u00e1ticos compuseram atra\u00e7\u00e3o apresentada pela primeira vez no evento, aberta a todos os participantes\"},{\"@type\":\"BreadcrumbList\",\"@id\":\"https:\/\/jgtv-programas-e-noticias.builderallwppro.com\/?p=712#breadcrumb\",\"itemListElement\":[{\"@type\":\"ListItem\",\"position\":1,\"name\":\"In\u00edcio\",\"item\":\"https:\/\/jgtv-programas-e-noticias.builderallwppro.com\/\"},{\"@type\":\"ListItem\",\"position\":2,\"name\":\"CONARH 2026: o desafio de cuidar das pessoas foi atualizado\"}]},{\"@type\":\"WebSite\",\"@id\":\"https:\/\/jgtv-programas-e-noticias.builderallwppro.com\/#website\",\"url\":\"https:\/\/jgtv-programas-e-noticias.builderallwppro.com\/\",\"name\":\"JGTV - Programas e Not\u00edcias\",\"description\":\"Podcasts para Profissionais e Empreendedores - Personalidades, informa\u00e7\u00e3o e conhecimento relacionados a carreira, gest\u00e3o, neg\u00f3cios, desenvolvimento pessoal e lifestyle equilibrado entre vida e trabalho!\",\"publisher\":{\"@id\":\"https:\/\/jgtv-programas-e-noticias.builderallwppro.com\/#organization\"},\"potentialAction\":[{\"@type\":\"SearchAction\",\"target\":{\"@type\":\"EntryPoint\",\"urlTemplate\":\"https:\/\/jgtv-programas-e-noticias.builderallwppro.com\/?s={search_term_string}\"},\"query-input\":{\"@type\":\"PropertyValueSpecification\",\"valueRequired\":true,\"valueName\":\"search_term_string\"}}],\"inLanguage\":\"pt-BR\"},{\"@type\":\"Organization\",\"@id\":\"https:\/\/jgtv-programas-e-noticias.builderallwppro.com\/#organization\",\"name\":\"JGTV - Programas e Not\u00edcias\",\"url\":\"https:\/\/jgtv-programas-e-noticias.builderallwppro.com\/\",\"logo\":{\"@type\":\"ImageObject\",\"inLanguage\":\"pt-BR\",\"@id\":\"https:\/\/jgtv-programas-e-noticias.builderallwppro.com\/#\/schema\/logo\/image\/\",\"url\":\"https:\/\/www.jgtvpodcast.com\/wp-content\/uploads\/2026\/01\/cropped-logoJGTV-1.png\",\"contentUrl\":\"https:\/\/www.jgtvpodcast.com\/wp-content\/uploads\/2026\/01\/cropped-logoJGTV-1.png\",\"width\":1918,\"height\":1080,\"caption\":\"JGTV  - Programas e Not\u00edcias\"},\"image\":{\"@id\":\"https:\/\/jgtv-programas-e-noticias.builderallwppro.com\/#\/schema\/logo\/image\/\"}},{\"@type\":\"Person\",\"@id\":\"https:\/\/jgtv-programas-e-noticias.builderallwppro.com\/#\/schema\/person\/d46f8f8e2b57ff9866441e005ecd0252\",\"name\":\"Reda\u00e7\u00e3o\",\"image\":{\"@type\":\"ImageObject\",\"inLanguage\":\"pt-BR\",\"@id\":\"https:\/\/jgtv-programas-e-noticias.builderallwppro.com\/#\/schema\/person\/image\/\",\"url\":\"https:\/\/secure.gravatar.com\/avatar\/265d249c158d6f9d93f673b7d9bf94f6bba6a8160d079283a23ff922448e4e81?s=96&d=mm&r=g\",\"contentUrl\":\"https:\/\/secure.gravatar.com\/avatar\/265d249c158d6f9d93f673b7d9bf94f6bba6a8160d079283a23ff922448e4e81?s=96&d=mm&r=g\",\"caption\":\"Reda\u00e7\u00e3o\"},\"description\":\"Reda\u00e7\u00e3o\",\"sameAs\":[\"https:\/\/jgtv-programas-e-noticias.builderallwppro.com\"],\"url\":\"https:\/\/www.jgtvpodcast.com\/?author=1\"}]}<\/script>\n<!-- \/ Yoast SEO plugin. -->","yoast_head_json":{"title":"CONARH 2026: o desafio de cuidar das pessoas foi atualizado - JGTV - Programas e Not\u00edcias","description":"CONARH 2026 mostra como lideran\u00e7a, sa\u00fade mental, tecnologia, benef\u00edcios e prote\u00e7\u00e3o financeira transformam o cuidado com os trabalhadores.","robots":{"index":"index","follow":"follow","max-snippet":"max-snippet:-1","max-image-preview":"max-image-preview:large","max-video-preview":"max-video-preview:-1"},"canonical":"https:\/\/jgtv-programas-e-noticias.builderallwppro.com\/?p=712","og_locale":"pt_BR","og_type":"article","og_title":"CONARH 2026: o desafio de cuidar das pessoas foi atualizado - JGTV - Programas e Not\u00edcias","og_description":"CONARH 2026 mostra como lideran\u00e7a, sa\u00fade mental, tecnologia, benef\u00edcios e prote\u00e7\u00e3o financeira transformam o cuidado com os trabalhadores.","og_url":"https:\/\/jgtv-programas-e-noticias.builderallwppro.com\/?p=712","og_site_name":"JGTV - Programas e Not\u00edcias","article_published_time":"2026-08-21T02:16:03+00:00","article_modified_time":"2026-08-21T05:42:26+00:00","og_image":[{"width":1920,"height":1545,"url":"https:\/\/jgtv-programas-e-noticias.builderallwppro.com\/wp-content\/uploads\/2026\/08\/IMG20260819152521-scaled-e1787278005302.jpg","type":"image\/jpeg"}],"author":"Reda\u00e7\u00e3o","twitter_card":"summary_large_image","twitter_misc":{"Escrito por":"Reda\u00e7\u00e3o","Est. tempo de leitura":"10 minutos"},"schema":{"@context":"https:\/\/schema.org","@graph":[{"@type":"Article","@id":"https:\/\/jgtv-programas-e-noticias.builderallwppro.com\/?p=712#article","isPartOf":{"@id":"https:\/\/jgtv-programas-e-noticias.builderallwppro.com\/?p=712"},"author":{"name":"Reda\u00e7\u00e3o","@id":"https:\/\/jgtv-programas-e-noticias.builderallwppro.com\/#\/schema\/person\/d46f8f8e2b57ff9866441e005ecd0252"},"headline":"CONARH 2026: o desafio de cuidar das pessoas foi atualizado","datePublished":"2026-08-21T02:16:03+00:00","dateModified":"2026-08-21T05:42:26+00:00","mainEntityOfPage":{"@id":"https:\/\/jgtv-programas-e-noticias.builderallwppro.com\/?p=712"},"wordCount":1834,"commentCount":0,"publisher":{"@id":"https:\/\/jgtv-programas-e-noticias.builderallwppro.com\/#organization"},"image":{"@id":"https:\/\/jgtv-programas-e-noticias.builderallwppro.com\/?p=712#primaryimage"},"thumbnailUrl":"https:\/\/www.jgtvpodcast.com\/wp-content\/uploads\/2026\/08\/IMG20260819152521-scaled-e1787278005302.jpg","keywords":["bem-estar corporativo","benef\u00edcios corporativos","cuidado com trabalhadores","desenvolvimento de l\u00edderes","gest\u00e3o de pessoas","lideran\u00e7a","RH estrat\u00e9gico","sa\u00fade financeira","sa\u00fade mental nas empresas","tecnologia no RH","telemedicina"],"articleSection":["Geral"],"inLanguage":"pt-BR","potentialAction":[{"@type":"CommentAction","name":"Comment","target":["https:\/\/jgtv-programas-e-noticias.builderallwppro.com\/?p=712#respond"]}]},{"@type":"WebPage","@id":"https:\/\/jgtv-programas-e-noticias.builderallwppro.com\/?p=712","url":"https:\/\/jgtv-programas-e-noticias.builderallwppro.com\/?p=712","name":"CONARH 2026: o desafio de cuidar das pessoas foi atualizado - JGTV - Programas e Not\u00edcias","isPartOf":{"@id":"https:\/\/jgtv-programas-e-noticias.builderallwppro.com\/#website"},"primaryImageOfPage":{"@id":"https:\/\/jgtv-programas-e-noticias.builderallwppro.com\/?p=712#primaryimage"},"image":{"@id":"https:\/\/jgtv-programas-e-noticias.builderallwppro.com\/?p=712#primaryimage"},"thumbnailUrl":"https:\/\/www.jgtvpodcast.com\/wp-content\/uploads\/2026\/08\/IMG20260819152521-scaled-e1787278005302.jpg","datePublished":"2026-08-21T02:16:03+00:00","dateModified":"2026-08-21T05:42:26+00:00","description":"CONARH 2026 mostra como lideran\u00e7a, sa\u00fade mental, tecnologia, benef\u00edcios e prote\u00e7\u00e3o financeira transformam o cuidado com os trabalhadores.","breadcrumb":{"@id":"https:\/\/jgtv-programas-e-noticias.builderallwppro.com\/?p=712#breadcrumb"},"inLanguage":"pt-BR","potentialAction":[{"@type":"ReadAction","target":["https:\/\/jgtv-programas-e-noticias.builderallwppro.com\/?p=712"]}]},{"@type":"ImageObject","inLanguage":"pt-BR","@id":"https:\/\/jgtv-programas-e-noticias.builderallwppro.com\/?p=712#primaryimage","url":"https:\/\/www.jgtvpodcast.com\/wp-content\/uploads\/2026\/08\/IMG20260819152521-scaled-e1787278005302.jpg","contentUrl":"https:\/\/www.jgtvpodcast.com\/wp-content\/uploads\/2026\/08\/IMG20260819152521-scaled-e1787278005302.jpg","width":1920,"height":1545,"caption":"Festival do Trabalho: palco com palestras espa\u00e7os tem\u00e1ticos compuseram atra\u00e7\u00e3o apresentada pela primeira vez no evento, aberta a todos os participantes"},{"@type":"BreadcrumbList","@id":"https:\/\/jgtv-programas-e-noticias.builderallwppro.com\/?p=712#breadcrumb","itemListElement":[{"@type":"ListItem","position":1,"name":"In\u00edcio","item":"https:\/\/jgtv-programas-e-noticias.builderallwppro.com\/"},{"@type":"ListItem","position":2,"name":"CONARH 2026: o desafio de cuidar das pessoas foi atualizado"}]},{"@type":"WebSite","@id":"https:\/\/jgtv-programas-e-noticias.builderallwppro.com\/#website","url":"https:\/\/jgtv-programas-e-noticias.builderallwppro.com\/","name":"JGTV - Programas e Not\u00edcias","description":"Podcasts para Profissionais e Empreendedores - Personalidades, informa\u00e7\u00e3o e conhecimento relacionados a carreira, gest\u00e3o, neg\u00f3cios, desenvolvimento pessoal e lifestyle equilibrado entre vida e trabalho!","publisher":{"@id":"https:\/\/jgtv-programas-e-noticias.builderallwppro.com\/#organization"},"potentialAction":[{"@type":"SearchAction","target":{"@type":"EntryPoint","urlTemplate":"https:\/\/jgtv-programas-e-noticias.builderallwppro.com\/?s={search_term_string}"},"query-input":{"@type":"PropertyValueSpecification","valueRequired":true,"valueName":"search_term_string"}}],"inLanguage":"pt-BR"},{"@type":"Organization","@id":"https:\/\/jgtv-programas-e-noticias.builderallwppro.com\/#organization","name":"JGTV - Programas e Not\u00edcias","url":"https:\/\/jgtv-programas-e-noticias.builderallwppro.com\/","logo":{"@type":"ImageObject","inLanguage":"pt-BR","@id":"https:\/\/jgtv-programas-e-noticias.builderallwppro.com\/#\/schema\/logo\/image\/","url":"https:\/\/www.jgtvpodcast.com\/wp-content\/uploads\/2026\/01\/cropped-logoJGTV-1.png","contentUrl":"https:\/\/www.jgtvpodcast.com\/wp-content\/uploads\/2026\/01\/cropped-logoJGTV-1.png","width":1918,"height":1080,"caption":"JGTV  - Programas e Not\u00edcias"},"image":{"@id":"https:\/\/jgtv-programas-e-noticias.builderallwppro.com\/#\/schema\/logo\/image\/"}},{"@type":"Person","@id":"https:\/\/jgtv-programas-e-noticias.builderallwppro.com\/#\/schema\/person\/d46f8f8e2b57ff9866441e005ecd0252","name":"Reda\u00e7\u00e3o","image":{"@type":"ImageObject","inLanguage":"pt-BR","@id":"https:\/\/jgtv-programas-e-noticias.builderallwppro.com\/#\/schema\/person\/image\/","url":"https:\/\/secure.gravatar.com\/avatar\/265d249c158d6f9d93f673b7d9bf94f6bba6a8160d079283a23ff922448e4e81?s=96&d=mm&r=g","contentUrl":"https:\/\/secure.gravatar.com\/avatar\/265d249c158d6f9d93f673b7d9bf94f6bba6a8160d079283a23ff922448e4e81?s=96&d=mm&r=g","caption":"Reda\u00e7\u00e3o"},"description":"Reda\u00e7\u00e3o","sameAs":["https:\/\/jgtv-programas-e-noticias.builderallwppro.com"],"url":"https:\/\/www.jgtvpodcast.com\/?author=1"}]}},"_links":{"self":[{"href":"https:\/\/www.jgtvpodcast.com\/index.php?rest_route=\/wp\/v2\/posts\/712","targetHints":{"allow":["GET"]}}],"collection":[{"href":"https:\/\/www.jgtvpodcast.com\/index.php?rest_route=\/wp\/v2\/posts"}],"about":[{"href":"https:\/\/www.jgtvpodcast.com\/index.php?rest_route=\/wp\/v2\/types\/post"}],"author":[{"embeddable":true,"href":"https:\/\/www.jgtvpodcast.com\/index.php?rest_route=\/wp\/v2\/users\/1"}],"replies":[{"embeddable":true,"href":"https:\/\/www.jgtvpodcast.com\/index.php?rest_route=%2Fwp%2Fv2%2Fcomments&post=712"}],"version-history":[{"count":13,"href":"https:\/\/www.jgtvpodcast.com\/index.php?rest_route=\/wp\/v2\/posts\/712\/revisions"}],"predecessor-version":[{"id":738,"href":"https:\/\/www.jgtvpodcast.com\/index.php?rest_route=\/wp\/v2\/posts\/712\/revisions\/738"}],"wp:featuredmedia":[{"embeddable":true,"href":"https:\/\/www.jgtvpodcast.com\/index.php?rest_route=\/wp\/v2\/media\/717"}],"wp:attachment":[{"href":"https:\/\/www.jgtvpodcast.com\/index.php?rest_route=%2Fwp%2Fv2%2Fmedia&parent=712"}],"wp:term":[{"taxonomy":"category","embeddable":true,"href":"https:\/\/www.jgtvpodcast.com\/index.php?rest_route=%2Fwp%2Fv2%2Fcategories&post=712"},{"taxonomy":"post_tag","embeddable":true,"href":"https:\/\/www.jgtvpodcast.com\/index.php?rest_route=%2Fwp%2Fv2%2Ftags&post=712"}],"curies":[{"name":"wp","href":"https:\/\/api.w.org\/{rel}","templated":true}]}}