{"id":701,"date":"2026-08-19T06:00:00","date_gmt":"2026-08-19T09:00:00","guid":{"rendered":"https:\/\/jgtvpodcast.com\/?p=701"},"modified":"2026-08-14T00:25:02","modified_gmt":"2026-08-14T03:25:02","slug":"recomecar-a-carreira-depois-dos-30-pode-ser-uma-vantagem","status":"publish","type":"post","link":"https:\/\/www.jgtvpodcast.com\/?p=701","title":{"rendered":"Recome\u00e7ar a carreira depois dos 30 pode ser uma vantagem"},"content":{"rendered":"\n<p>Recome\u00e7ar a vida profissional depois dos 30, 40 ou 50 anos pode representar menos um ponto de partida e mais uma oportunidade de transformar experi\u00eancias acumuladas em vantagem no mercado de trabalho. A mudan\u00e7a de carreira entre mulheres na maturidade vem sendo impulsionada por fatores como busca por qualidade de vida, independ\u00eancia financeira, realiza\u00e7\u00e3o pessoal e retorno ao mercado depois de per\u00edodos dedicados \u00e0 fam\u00edlia.<\/p>\n\n\n\n<p>Para Vanessa Ferreira, administradora e empres\u00e1ria ouvida pela reportagem, a experi\u00eancia adquirida ao longo dos anos \u00e9 um dos principais ativos de quem decide mudar de trajet\u00f3ria. \u201cRecome\u00e7ar a carreira na maturidade n\u00e3o significa come\u00e7ar do zero. A mulher leva consigo compet\u00eancias desenvolvidas ao longo da vida, como capacidade de lideran\u00e7a, intelig\u00eancia emocional, organiza\u00e7\u00e3o e vis\u00e3o estrat\u00e9gica, que s\u00e3o altamente valorizadas no mercado\u201d.<\/p>\n\n\n\n<p>A transforma\u00e7\u00e3o acontece tamb\u00e9m em um mercado de trabalho que oferece alternativas diferentes das encontradas por gera\u00e7\u00f5es anteriores. <strong><a href=\"https:\/\/jgtv-programas-e-noticias.builderallwppro.com\/?p=84\">Empreendedorismo<\/a><\/strong>, trabalho remoto, presta\u00e7\u00e3o de servi\u00e7os, consultoria, economia criativa e neg\u00f3cios digitais ampliaram as possibilidades para profissionais que desejam construir uma nova trajet\u00f3ria.<\/p>\n\n\n\n<p>\u201cHoje existem caminhos muito mais flex\u00edveis para quem quer empreender, prestar servi\u00e7os, atuar como consultora ou desenvolver um neg\u00f3cio pr\u00f3prio. A tecnologia reduziu barreiras e abriu espa\u00e7o para diferentes perfis profissionais\u201d, afirma Vanessa.<\/p>\n\n\n\n<h2 class=\"wp-block-heading\">Experi\u00eancia pode se transformar em diferencial<\/h2>\n\n\n\n<p>A ideia de que uma mudan\u00e7a profissional exige come\u00e7ar novamente do ponto zero pode ser um dos principais obst\u00e1culos para quem pensa em fazer uma <strong><a href=\"https:\/\/jgtv-programas-e-noticias.builderallwppro.com\/?p=298\">transi\u00e7\u00e3o de carreira<\/a><\/strong>. Na pr\u00e1tica, habilidades desenvolvidas em outras fun\u00e7\u00f5es podem ser aproveitadas em uma nova \u00e1rea.<\/p>\n\n\n\n<p>Lideran\u00e7a, capacidade de organiza\u00e7\u00e3o, intelig\u00eancia emocional e vis\u00e3o estrat\u00e9gica est\u00e3o entre as compet\u00eancias que podem acompanhar uma profissional durante a mudan\u00e7a. Em vez de abandonar a trajet\u00f3ria anterior, a proposta \u00e9 identificar quais conhecimentos podem ser transferidos para o novo campo de atua\u00e7\u00e3o.<\/p>\n\n\n\n<p>Essa perspectiva tamb\u00e9m altera a maneira como a pr\u00f3pria idade \u00e9 percebida. Anos de experi\u00eancia podem representar conhecimento sobre tomada de decis\u00f5es, relacionamento interpessoal e resolu\u00e7\u00e3o de problemas, compet\u00eancias que n\u00e3o s\u00e3o necessariamente adquiridas em cursos ou treinamentos.<\/p>\n\n\n\n<h2 class=\"wp-block-heading\">Mercado abre espa\u00e7o para novos caminhos profissionais<\/h2>\n\n\n\n<p>A <strong><a href=\"https:\/\/jgtv-programas-e-noticias.builderallwppro.com\/?p=62\">expans\u00e3o das ferramentas digitais<\/a><\/strong> tamb\u00e9m tornou poss\u00edvel criar modelos de trabalho que n\u00e3o dependem exclusivamente de uma contrata\u00e7\u00e3o tradicional. Para algumas mulheres, a transi\u00e7\u00e3o pode significar abrir um neg\u00f3cio; para outras, prestar servi\u00e7os, atuar como consultora ou migrar para uma \u00e1rea que permita maior flexibilidade.<\/p>\n\n\n\n<p>O ambiente digital reduziu algumas barreiras de entrada e permitiu que profissionais alcancem clientes e oportunidades sem necessariamente estar vinculadas a uma estrutura empresarial convencional.<\/p>\n\n\n\n<p>Isso n\u00e3o significa, por\u00e9m, que uma mudan\u00e7a de carreira deva ser feita sem planejamento. Antes de abandonar uma atividade profissional e investir em outra, \u00e9 necess\u00e1rio entender o mercado, avaliar as pr\u00f3prias compet\u00eancias e identificar quais conhecimentos precisam ser atualizados.<\/p>\n\n\n\n<h2 class=\"wp-block-heading\">Transi\u00e7\u00e3o de carreira exige prepara\u00e7\u00e3o<\/h2>\n\n\n\n<p>A experi\u00eancia acumulada pode ajudar, mas n\u00e3o substitui a necessidade de aprender. Uma profissional que deseja entrar em uma \u00e1rea diferente precisa compreender as exig\u00eancias daquele mercado e verificar quais compet\u00eancias s\u00e3o valorizadas.<\/p>\n\n\n\n<p>\u201cA experi\u00eancia acumulada precisa ser combinada com atualiza\u00e7\u00e3o constante. Aprender novas ferramentas, desenvolver compet\u00eancias digitais e acompanhar as tend\u00eancias da \u00e1rea escolhida aumenta significativamente as chances de sucesso\u201d, afirma Vanessa.<\/p>\n\n\n\n<p>A prepara\u00e7\u00e3o pode envolver cursos, especializa\u00e7\u00f5es, desenvolvimento de compet\u00eancias digitais ou mesmo uma aproxima\u00e7\u00e3o gradual com a nova \u00e1rea. Dessa maneira, a mudan\u00e7a deixa de ser uma decis\u00e3o impulsiva e passa a fazer parte de um planejamento profissional.<\/p>\n\n\n\n<p>Tamb\u00e9m \u00e9 importante considerar a realidade financeira durante o per\u00edodo de transi\u00e7\u00e3o. Dependendo da escolha, pode haver uma fase de adapta\u00e7\u00e3o antes que a nova atividade alcance o mesmo n\u00edvel de <strong><a href=\"https:\/\/jgtv-programas-e-noticias.builderallwppro.com\/?p=625\">rendimento da carreira<\/a> <\/strong>anterior.<\/p>\n\n\n\n<h2 class=\"wp-block-heading\">Idade n\u00e3o precisa ser sin\u00f4nimo de limita\u00e7\u00e3o<\/h2>\n\n\n\n<p>Outro desafio enfrentado por mulheres que decidem mudar de profiss\u00e3o \u00e9 o receio de que a idade seja interpretada como uma desvantagem. Essa percep\u00e7\u00e3o, por\u00e9m, pode ser substitu\u00edda por uma leitura diferente da maturidade profissional.<\/p>\n\n\n\n<p>Ao longo da vida, experi\u00eancias pessoais e profissionais podem <strong><a href=\"https:\/\/jgtv-programas-e-noticias.builderallwppro.com\/?p=84\">contribuir para o desenvolvimento<\/a><\/strong> de caracter\u00edsticas como resili\u00eancia, capacidade de adapta\u00e7\u00e3o e maior clareza sobre objetivos. Para Vanessa, esses aspectos devem ser considerados como patrim\u00f4nio profissional.<\/p>\n\n\n\n<p>\u201cA idade n\u00e3o deve ser encarada como uma limita\u00e7\u00e3o, mas como um patrim\u00f4nio. Quem j\u00e1 enfrentou desafios pessoais e profissionais costuma desenvolver resili\u00eancia, capacidade de adapta\u00e7\u00e3o e confian\u00e7a para tomar decis\u00f5es mais conscientes\u201d, ressalta.<\/p>\n\n\n\n<p>A mudan\u00e7a de carreira, portanto, n\u00e3o precisa significar apagar o passado profissional. O desafio est\u00e1 em reconhecer o que j\u00e1 foi constru\u00eddo e descobrir como esse repert\u00f3rio pode ser utilizado em uma nova dire\u00e7\u00e3o.<\/p>\n\n\n\n<p>Para mulheres que chegam aos 30, 40 ou 50 anos questionando os rumos da pr\u00f3pria vida profissional, a maturidade pode representar justamente o momento em que experi\u00eancia e autoconhecimento passam a trabalhar juntos. Em um mercado mais flex\u00edvel e digital, recome\u00e7ar pode significar n\u00e3o voltar ao in\u00edcio, mas seguir adiante levando consigo tudo o que j\u00e1 foi aprendido.<\/p>\n","protected":false},"excerpt":{"rendered":"<p>Mudar de carreira ap\u00f3s os 30, 40 ou 50 pode transformar experi\u00eancia e maturidade em diferenciais profissionais.<\/p>\n","protected":false},"author":1,"featured_media":708,"comment_status":"open","ping_status":"open","sticky":false,"template":"","format":"standard","meta":{"footnotes":""},"categories":[23],"tags":[21,204,8,50,14,81,205,206],"class_list":["post-701","post","type-post","status-publish","format-standard","has-post-thumbnail","hentry","category-geral","tag-carreira","tag-carreira-feminina","tag-desenvolvimento-humano","tag-educacao-financeira","tag-empreendedorismo","tag-gestao-de-pessoas","tag-mudanca-de-carreira","tag-transicao-de-carreira"],"yoast_head":"<!-- This site is optimized with the Yoast SEO plugin v26.8 - https:\/\/yoast.com\/product\/yoast-seo-wordpress\/ -->\n<title>Recome\u00e7ar a carreira depois dos 30 pode ser uma vantagem<\/title>\n<meta name=\"description\" content=\"Mudar de carreira ap\u00f3s os 30, 40 ou 50 pode transformar experi\u00eancia e maturidade em diferenciais profissionais.\" \/>\n<meta name=\"robots\" content=\"index, follow, max-snippet:-1, max-image-preview:large, max-video-preview:-1\" \/>\n<link rel=\"canonical\" href=\"https:\/\/jgtvpodcast.com\/?p=701\" \/>\n<meta property=\"og:locale\" content=\"pt_BR\" \/>\n<meta property=\"og:type\" content=\"article\" \/>\n<meta property=\"og:title\" content=\"Recome\u00e7ar a carreira depois dos 30 pode ser uma vantagem\" \/>\n<meta property=\"og:description\" content=\"Mudar de carreira ap\u00f3s os 30, 40 ou 50 pode transformar experi\u00eancia e maturidade em diferenciais profissionais.\" \/>\n<meta property=\"og:url\" content=\"https:\/\/jgtvpodcast.com\/?p=701\" \/>\n<meta property=\"og:site_name\" content=\"JGTV - Programas e Not\u00edcias\" \/>\n<meta property=\"article:published_time\" content=\"2026-08-19T09:00:00+00:00\" \/>\n<meta property=\"og:image\" content=\"https:\/\/jgtvpodcast.com\/wp-content\/uploads\/2026\/08\/Transicao-de-carreira-Pexels-mizunokozuki-scaled.jpg\" \/>\n\t<meta property=\"og:image:width\" content=\"1707\" \/>\n\t<meta property=\"og:image:height\" content=\"2560\" \/>\n\t<meta property=\"og:image:type\" content=\"image\/jpeg\" \/>\n<meta name=\"author\" content=\"Reda\u00e7\u00e3o\" \/>\n<meta name=\"twitter:card\" content=\"summary_large_image\" \/>\n<meta name=\"twitter:label1\" content=\"Escrito por\" \/>\n\t<meta name=\"twitter:data1\" content=\"Reda\u00e7\u00e3o\" \/>\n\t<meta name=\"twitter:label2\" content=\"Est. tempo de leitura\" \/>\n\t<meta name=\"twitter:data2\" content=\"5 minutos\" \/>\n<script type=\"application\/ld+json\" class=\"yoast-schema-graph\">{\"@context\":\"https:\/\/schema.org\",\"@graph\":[{\"@type\":\"Article\",\"@id\":\"https:\/\/jgtvpodcast.com\/?p=701#article\",\"isPartOf\":{\"@id\":\"https:\/\/jgtvpodcast.com\/?p=701\"},\"author\":{\"name\":\"Reda\u00e7\u00e3o\",\"@id\":\"https:\/\/jgtv-programas-e-noticias.builderallwppro.com\/#\/schema\/person\/d46f8f8e2b57ff9866441e005ecd0252\"},\"headline\":\"Recome\u00e7ar a carreira depois dos 30 pode ser uma vantagem\",\"datePublished\":\"2026-08-19T09:00:00+00:00\",\"mainEntityOfPage\":{\"@id\":\"https:\/\/jgtvpodcast.com\/?p=701\"},\"wordCount\":914,\"commentCount\":0,\"publisher\":{\"@id\":\"https:\/\/jgtv-programas-e-noticias.builderallwppro.com\/#organization\"},\"image\":{\"@id\":\"https:\/\/jgtvpodcast.com\/?p=701#primaryimage\"},\"thumbnailUrl\":\"https:\/\/www.jgtvpodcast.com\/wp-content\/uploads\/2026\/08\/Transicao-de-carreira-Pexels-mizunokozuki-scaled.jpg\",\"keywords\":[\"carreira\",\"carreira feminina\",\"desenvolvimento humano\",\"educa\u00e7\u00e3o financeira\",\"Empreendedorismo\",\"gest\u00e3o de pessoas\",\"mudan\u00e7a de carreira\",\"transi\u00e7\u00e3o de carreira\"],\"articleSection\":[\"Geral\"],\"inLanguage\":\"pt-BR\",\"potentialAction\":[{\"@type\":\"CommentAction\",\"name\":\"Comment\",\"target\":[\"https:\/\/jgtvpodcast.com\/?p=701#respond\"]}]},{\"@type\":\"WebPage\",\"@id\":\"https:\/\/jgtvpodcast.com\/?p=701\",\"url\":\"https:\/\/jgtvpodcast.com\/?p=701\",\"name\":\"Recome\u00e7ar a carreira depois dos 30 pode ser uma vantagem\",\"isPartOf\":{\"@id\":\"https:\/\/jgtv-programas-e-noticias.builderallwppro.com\/#website\"},\"primaryImageOfPage\":{\"@id\":\"https:\/\/jgtvpodcast.com\/?p=701#primaryimage\"},\"image\":{\"@id\":\"https:\/\/jgtvpodcast.com\/?p=701#primaryimage\"},\"thumbnailUrl\":\"https:\/\/www.jgtvpodcast.com\/wp-content\/uploads\/2026\/08\/Transicao-de-carreira-Pexels-mizunokozuki-scaled.jpg\",\"datePublished\":\"2026-08-19T09:00:00+00:00\",\"description\":\"Mudar de carreira ap\u00f3s os 30, 40 ou 50 pode transformar experi\u00eancia e maturidade em diferenciais profissionais.\",\"breadcrumb\":{\"@id\":\"https:\/\/jgtvpodcast.com\/?p=701#breadcrumb\"},\"inLanguage\":\"pt-BR\",\"potentialAction\":[{\"@type\":\"ReadAction\",\"target\":[\"https:\/\/jgtvpodcast.com\/?p=701\"]}]},{\"@type\":\"ImageObject\",\"inLanguage\":\"pt-BR\",\"@id\":\"https:\/\/jgtvpodcast.com\/?p=701#primaryimage\",\"url\":\"https:\/\/www.jgtvpodcast.com\/wp-content\/uploads\/2026\/08\/Transicao-de-carreira-Pexels-mizunokozuki-scaled.jpg\",\"contentUrl\":\"https:\/\/www.jgtvpodcast.com\/wp-content\/uploads\/2026\/08\/Transicao-de-carreira-Pexels-mizunokozuki-scaled.jpg\",\"width\":1707,\"height\":2560,\"caption\":\"Cr\u00e9dito imagem - Pexels-mizunokozuki\"},{\"@type\":\"BreadcrumbList\",\"@id\":\"https:\/\/jgtvpodcast.com\/?p=701#breadcrumb\",\"itemListElement\":[{\"@type\":\"ListItem\",\"position\":1,\"name\":\"In\u00edcio\",\"item\":\"https:\/\/jgtv-programas-e-noticias.builderallwppro.com\/\"},{\"@type\":\"ListItem\",\"position\":2,\"name\":\"Recome\u00e7ar a carreira depois dos 30 pode ser uma vantagem\"}]},{\"@type\":\"WebSite\",\"@id\":\"https:\/\/jgtv-programas-e-noticias.builderallwppro.com\/#website\",\"url\":\"https:\/\/jgtv-programas-e-noticias.builderallwppro.com\/\",\"name\":\"JGTV - Programas e Not\u00edcias\",\"description\":\"Podcasts para Profissionais e Empreendedores - Personalidades, informa\u00e7\u00e3o e conhecimento relacionados a carreira, gest\u00e3o, neg\u00f3cios, desenvolvimento pessoal e lifestyle equilibrado entre vida e trabalho!\",\"publisher\":{\"@id\":\"https:\/\/jgtv-programas-e-noticias.builderallwppro.com\/#organization\"},\"potentialAction\":[{\"@type\":\"SearchAction\",\"target\":{\"@type\":\"EntryPoint\",\"urlTemplate\":\"https:\/\/jgtv-programas-e-noticias.builderallwppro.com\/?s={search_term_string}\"},\"query-input\":{\"@type\":\"PropertyValueSpecification\",\"valueRequired\":true,\"valueName\":\"search_term_string\"}}],\"inLanguage\":\"pt-BR\"},{\"@type\":\"Organization\",\"@id\":\"https:\/\/jgtv-programas-e-noticias.builderallwppro.com\/#organization\",\"name\":\"JGTV - Programas e Not\u00edcias\",\"url\":\"https:\/\/jgtv-programas-e-noticias.builderallwppro.com\/\",\"logo\":{\"@type\":\"ImageObject\",\"inLanguage\":\"pt-BR\",\"@id\":\"https:\/\/jgtv-programas-e-noticias.builderallwppro.com\/#\/schema\/logo\/image\/\",\"url\":\"https:\/\/www.jgtvpodcast.com\/wp-content\/uploads\/2026\/01\/cropped-logoJGTV-1.png\",\"contentUrl\":\"https:\/\/www.jgtvpodcast.com\/wp-content\/uploads\/2026\/01\/cropped-logoJGTV-1.png\",\"width\":1918,\"height\":1080,\"caption\":\"JGTV  - Programas e Not\u00edcias\"},\"image\":{\"@id\":\"https:\/\/jgtv-programas-e-noticias.builderallwppro.com\/#\/schema\/logo\/image\/\"}},{\"@type\":\"Person\",\"@id\":\"https:\/\/jgtv-programas-e-noticias.builderallwppro.com\/#\/schema\/person\/d46f8f8e2b57ff9866441e005ecd0252\",\"name\":\"Reda\u00e7\u00e3o\",\"image\":{\"@type\":\"ImageObject\",\"inLanguage\":\"pt-BR\",\"@id\":\"https:\/\/jgtv-programas-e-noticias.builderallwppro.com\/#\/schema\/person\/image\/\",\"url\":\"https:\/\/secure.gravatar.com\/avatar\/265d249c158d6f9d93f673b7d9bf94f6bba6a8160d079283a23ff922448e4e81?s=96&d=mm&r=g\",\"contentUrl\":\"https:\/\/secure.gravatar.com\/avatar\/265d249c158d6f9d93f673b7d9bf94f6bba6a8160d079283a23ff922448e4e81?s=96&d=mm&r=g\",\"caption\":\"Reda\u00e7\u00e3o\"},\"description\":\"Reda\u00e7\u00e3o\",\"sameAs\":[\"https:\/\/jgtv-programas-e-noticias.builderallwppro.com\"],\"url\":\"https:\/\/www.jgtvpodcast.com\/?author=1\"}]}<\/script>\n<!-- \/ Yoast SEO plugin. -->","yoast_head_json":{"title":"Recome\u00e7ar a carreira depois dos 30 pode ser uma vantagem","description":"Mudar de carreira ap\u00f3s os 30, 40 ou 50 pode transformar experi\u00eancia e maturidade em diferenciais profissionais.","robots":{"index":"index","follow":"follow","max-snippet":"max-snippet:-1","max-image-preview":"max-image-preview:large","max-video-preview":"max-video-preview:-1"},"canonical":"https:\/\/jgtvpodcast.com\/?p=701","og_locale":"pt_BR","og_type":"article","og_title":"Recome\u00e7ar a carreira depois dos 30 pode ser uma vantagem","og_description":"Mudar de carreira ap\u00f3s os 30, 40 ou 50 pode transformar experi\u00eancia e maturidade em diferenciais profissionais.","og_url":"https:\/\/jgtvpodcast.com\/?p=701","og_site_name":"JGTV - Programas e Not\u00edcias","article_published_time":"2026-08-19T09:00:00+00:00","og_image":[{"width":1707,"height":2560,"url":"https:\/\/jgtvpodcast.com\/wp-content\/uploads\/2026\/08\/Transicao-de-carreira-Pexels-mizunokozuki-scaled.jpg","type":"image\/jpeg"}],"author":"Reda\u00e7\u00e3o","twitter_card":"summary_large_image","twitter_misc":{"Escrito por":"Reda\u00e7\u00e3o","Est. tempo de leitura":"5 minutos"},"schema":{"@context":"https:\/\/schema.org","@graph":[{"@type":"Article","@id":"https:\/\/jgtvpodcast.com\/?p=701#article","isPartOf":{"@id":"https:\/\/jgtvpodcast.com\/?p=701"},"author":{"name":"Reda\u00e7\u00e3o","@id":"https:\/\/jgtv-programas-e-noticias.builderallwppro.com\/#\/schema\/person\/d46f8f8e2b57ff9866441e005ecd0252"},"headline":"Recome\u00e7ar a carreira depois dos 30 pode ser uma vantagem","datePublished":"2026-08-19T09:00:00+00:00","mainEntityOfPage":{"@id":"https:\/\/jgtvpodcast.com\/?p=701"},"wordCount":914,"commentCount":0,"publisher":{"@id":"https:\/\/jgtv-programas-e-noticias.builderallwppro.com\/#organization"},"image":{"@id":"https:\/\/jgtvpodcast.com\/?p=701#primaryimage"},"thumbnailUrl":"https:\/\/www.jgtvpodcast.com\/wp-content\/uploads\/2026\/08\/Transicao-de-carreira-Pexels-mizunokozuki-scaled.jpg","keywords":["carreira","carreira feminina","desenvolvimento humano","educa\u00e7\u00e3o financeira","Empreendedorismo","gest\u00e3o de pessoas","mudan\u00e7a de carreira","transi\u00e7\u00e3o de carreira"],"articleSection":["Geral"],"inLanguage":"pt-BR","potentialAction":[{"@type":"CommentAction","name":"Comment","target":["https:\/\/jgtvpodcast.com\/?p=701#respond"]}]},{"@type":"WebPage","@id":"https:\/\/jgtvpodcast.com\/?p=701","url":"https:\/\/jgtvpodcast.com\/?p=701","name":"Recome\u00e7ar a carreira depois dos 30 pode ser uma vantagem","isPartOf":{"@id":"https:\/\/jgtv-programas-e-noticias.builderallwppro.com\/#website"},"primaryImageOfPage":{"@id":"https:\/\/jgtvpodcast.com\/?p=701#primaryimage"},"image":{"@id":"https:\/\/jgtvpodcast.com\/?p=701#primaryimage"},"thumbnailUrl":"https:\/\/www.jgtvpodcast.com\/wp-content\/uploads\/2026\/08\/Transicao-de-carreira-Pexels-mizunokozuki-scaled.jpg","datePublished":"2026-08-19T09:00:00+00:00","description":"Mudar de carreira ap\u00f3s os 30, 40 ou 50 pode transformar experi\u00eancia e maturidade em diferenciais profissionais.","breadcrumb":{"@id":"https:\/\/jgtvpodcast.com\/?p=701#breadcrumb"},"inLanguage":"pt-BR","potentialAction":[{"@type":"ReadAction","target":["https:\/\/jgtvpodcast.com\/?p=701"]}]},{"@type":"ImageObject","inLanguage":"pt-BR","@id":"https:\/\/jgtvpodcast.com\/?p=701#primaryimage","url":"https:\/\/www.jgtvpodcast.com\/wp-content\/uploads\/2026\/08\/Transicao-de-carreira-Pexels-mizunokozuki-scaled.jpg","contentUrl":"https:\/\/www.jgtvpodcast.com\/wp-content\/uploads\/2026\/08\/Transicao-de-carreira-Pexels-mizunokozuki-scaled.jpg","width":1707,"height":2560,"caption":"Cr\u00e9dito imagem - Pexels-mizunokozuki"},{"@type":"BreadcrumbList","@id":"https:\/\/jgtvpodcast.com\/?p=701#breadcrumb","itemListElement":[{"@type":"ListItem","position":1,"name":"In\u00edcio","item":"https:\/\/jgtv-programas-e-noticias.builderallwppro.com\/"},{"@type":"ListItem","position":2,"name":"Recome\u00e7ar a carreira depois dos 30 pode ser uma vantagem"}]},{"@type":"WebSite","@id":"https:\/\/jgtv-programas-e-noticias.builderallwppro.com\/#website","url":"https:\/\/jgtv-programas-e-noticias.builderallwppro.com\/","name":"JGTV - Programas e Not\u00edcias","description":"Podcasts para Profissionais e Empreendedores - Personalidades, informa\u00e7\u00e3o e conhecimento relacionados a carreira, gest\u00e3o, neg\u00f3cios, desenvolvimento pessoal e lifestyle equilibrado entre vida e trabalho!","publisher":{"@id":"https:\/\/jgtv-programas-e-noticias.builderallwppro.com\/#organization"},"potentialAction":[{"@type":"SearchAction","target":{"@type":"EntryPoint","urlTemplate":"https:\/\/jgtv-programas-e-noticias.builderallwppro.com\/?s={search_term_string}"},"query-input":{"@type":"PropertyValueSpecification","valueRequired":true,"valueName":"search_term_string"}}],"inLanguage":"pt-BR"},{"@type":"Organization","@id":"https:\/\/jgtv-programas-e-noticias.builderallwppro.com\/#organization","name":"JGTV - Programas e Not\u00edcias","url":"https:\/\/jgtv-programas-e-noticias.builderallwppro.com\/","logo":{"@type":"ImageObject","inLanguage":"pt-BR","@id":"https:\/\/jgtv-programas-e-noticias.builderallwppro.com\/#\/schema\/logo\/image\/","url":"https:\/\/www.jgtvpodcast.com\/wp-content\/uploads\/2026\/01\/cropped-logoJGTV-1.png","contentUrl":"https:\/\/www.jgtvpodcast.com\/wp-content\/uploads\/2026\/01\/cropped-logoJGTV-1.png","width":1918,"height":1080,"caption":"JGTV  - Programas e Not\u00edcias"},"image":{"@id":"https:\/\/jgtv-programas-e-noticias.builderallwppro.com\/#\/schema\/logo\/image\/"}},{"@type":"Person","@id":"https:\/\/jgtv-programas-e-noticias.builderallwppro.com\/#\/schema\/person\/d46f8f8e2b57ff9866441e005ecd0252","name":"Reda\u00e7\u00e3o","image":{"@type":"ImageObject","inLanguage":"pt-BR","@id":"https:\/\/jgtv-programas-e-noticias.builderallwppro.com\/#\/schema\/person\/image\/","url":"https:\/\/secure.gravatar.com\/avatar\/265d249c158d6f9d93f673b7d9bf94f6bba6a8160d079283a23ff922448e4e81?s=96&d=mm&r=g","contentUrl":"https:\/\/secure.gravatar.com\/avatar\/265d249c158d6f9d93f673b7d9bf94f6bba6a8160d079283a23ff922448e4e81?s=96&d=mm&r=g","caption":"Reda\u00e7\u00e3o"},"description":"Reda\u00e7\u00e3o","sameAs":["https:\/\/jgtv-programas-e-noticias.builderallwppro.com"],"url":"https:\/\/www.jgtvpodcast.com\/?author=1"}]}},"_links":{"self":[{"href":"https:\/\/www.jgtvpodcast.com\/index.php?rest_route=\/wp\/v2\/posts\/701","targetHints":{"allow":["GET"]}}],"collection":[{"href":"https:\/\/www.jgtvpodcast.com\/index.php?rest_route=\/wp\/v2\/posts"}],"about":[{"href":"https:\/\/www.jgtvpodcast.com\/index.php?rest_route=\/wp\/v2\/types\/post"}],"author":[{"embeddable":true,"href":"https:\/\/www.jgtvpodcast.com\/index.php?rest_route=\/wp\/v2\/users\/1"}],"replies":[{"embeddable":true,"href":"https:\/\/www.jgtvpodcast.com\/index.php?rest_route=%2Fwp%2Fv2%2Fcomments&post=701"}],"version-history":[{"count":3,"href":"https:\/\/www.jgtvpodcast.com\/index.php?rest_route=\/wp\/v2\/posts\/701\/revisions"}],"predecessor-version":[{"id":707,"href":"https:\/\/www.jgtvpodcast.com\/index.php?rest_route=\/wp\/v2\/posts\/701\/revisions\/707"}],"wp:featuredmedia":[{"embeddable":true,"href":"https:\/\/www.jgtvpodcast.com\/index.php?rest_route=\/wp\/v2\/media\/708"}],"wp:attachment":[{"href":"https:\/\/www.jgtvpodcast.com\/index.php?rest_route=%2Fwp%2Fv2%2Fmedia&parent=701"}],"wp:term":[{"taxonomy":"category","embeddable":true,"href":"https:\/\/www.jgtvpodcast.com\/index.php?rest_route=%2Fwp%2Fv2%2Fcategories&post=701"},{"taxonomy":"post_tag","embeddable":true,"href":"https:\/\/www.jgtvpodcast.com\/index.php?rest_route=%2Fwp%2Fv2%2Ftags&post=701"}],"curies":[{"name":"wp","href":"https:\/\/api.w.org\/{rel}","templated":true}]}}