{"id":637,"date":"2026-08-10T06:00:00","date_gmt":"2026-08-10T09:00:00","guid":{"rendered":"https:\/\/jgtvpodcast.com\/?p=637"},"modified":"2026-08-12T16:54:55","modified_gmt":"2026-08-12T19:54:55","slug":"importante-debate-sobre-paternidade-e-saude-emocional-masculina","status":"publish","type":"post","link":"https:\/\/www.jgtvpodcast.com\/?p=637","title":{"rendered":"Importante debate sobre paternidade e sa\u00fade emocional masculina"},"content":{"rendered":"\n<p>At\u00e9 ontem, domingo  marcado pela comemora\u00e7\u00e3o do Dia dos Pais, as campanhas comerciais invadiram nosso cotidiano no incentivo pela escolha do melhor presente para o pai her\u00f3i de cada um. Para a organiza\u00e7\u00e3o <em>Homens Que Cuidam<\/em>, por\u00e9m, o per\u00edodo tamb\u00e9m pode servir como ponto de partida para uma discuss\u00e3o mais ampla sobre o papel dos homens na fam\u00edlia, nas rela\u00e7\u00f5es e na sociedade.<\/p>\n\n\n\n<p>A proposta \u00e9 colocar em evid\u00eancia temas como <strong>paternidade ativa, sa\u00fade emocional masculina, corresponsabilidade familiar e preven\u00e7\u00e3o das viol\u00eancias<\/strong>. A iniciativa parte de uma pergunta que ultrapassa a celebra\u00e7\u00e3o da data: que tipo de pai \u2014 e de homem \u2014 est\u00e1 sendo formado pela sociedade?<\/p>\n\n\n\n<p>\u00c9 nesse contexto que a organiza\u00e7\u00e3o promove a campanha <strong>\u201cM\u00eas dos Pais \u2013 Pai \u00e9 quem cuida\u201d<\/strong>, voltada \u00e0 constru\u00e7\u00e3o de uma cultura do cuidado. A proposta \u00e9 deslocar a ideia tradicional do \u201cpai her\u00f3i\u201d, associado principalmente ao provimento financeiro, para uma compreens\u00e3o de paternidade baseada em presen\u00e7a, afeto, responsabilidade e participa\u00e7\u00e3o cotidiana.<\/p>\n\n\n\n<h2 class=\"wp-block-heading\">Paternidade tamb\u00e9m envolve sa\u00fade emocional masculina<\/h2>\n\n\n\n<p>A discuss\u00e3o sobre paternidade est\u00e1 diretamente relacionada \u00e0 maneira como os homens s\u00e3o educados para lidar com emo\u00e7\u00f5es, pedir ajuda e estabelecer v\u00ednculos.<\/p>\n\n\n\n<p>Para Lincoln Tavares de Melo, jornalista, educador social, ativista de direitos humanos e fundador da Homens Que Cuidam, falar sobre pais significa tamb\u00e9m discutir como os homens aprendem a cuidar de si e das pessoas ao redor.<\/p>\n\n\n\n<p>A organiza\u00e7\u00e3o defende que o cuidado n\u00e3o deve ser compreendido como uma atribui\u00e7\u00e3o feminina, mas como uma <strong><a href=\"https:\/\/www.jgtvpodcast.com\/?p=214\">compet\u00eancia humana<\/a><\/strong> que pode ser desenvolvida ao longo da vida.<\/p>\n\n\n\n<p>A pr\u00f3pria atua\u00e7\u00e3o da organiza\u00e7\u00e3o <em>Homens Que Cuidam<\/em> re\u00fane iniciativas relacionadas a masculinidades, paternidade ativa, sa\u00fade dos homens, comunica\u00e7\u00e3o n\u00e3o violenta, diversidade, equidade e preven\u00e7\u00e3o das viol\u00eancias. O instituto tamb\u00e9m mant\u00e9m espa\u00e7os de di\u00e1logo voltados ao desenvolvimento humano masculino e \u00e0 constru\u00e7\u00e3o de rela\u00e7\u00f5es mais saud\u00e1veis.<\/p>\n\n\n\n<h2 class=\"wp-block-heading\">O cuidado como responsabilidade compartilhada<\/h2>\n\n\n\n<p>A campanha tamb\u00e9m coloca em discuss\u00e3o a divis\u00e3o das responsabilidades dentro das fam\u00edlias.<\/p>\n\n\n\n<p>Historicamente, tarefas relacionadas \u00e0 cria\u00e7\u00e3o dos filhos, \u00e0 manuten\u00e7\u00e3o da casa e ao cuidado de familiares foram associadas principalmente \u00e0s mulheres. A proposta de ampliar a participa\u00e7\u00e3o masculina busca justamente questionar essa l\u00f3gica e estimular a corresponsabilidade.<\/p>\n\n\n\n<p>Nesse sentido, a <strong>paternidade ativa<\/strong> n\u00e3o se limita \u00e0 presen\u00e7a f\u00edsica ou aos momentos de lazer com os filhos. Ela envolve participa\u00e7\u00e3o nas decis\u00f5es, acompanhamento da rotina, educa\u00e7\u00e3o, escuta, disponibilidade emocional e compartilhamento das tarefas de cuidado.<\/p>\n\n\n\n<p>A discuss\u00e3o tamb\u00e9m alcan\u00e7a o ambiente profissional. Licen\u00e7a-paternidade, pol\u00edticas de parentalidade e condi\u00e7\u00f5es para que homens possam exercer o cuidado s\u00e3o alguns dos temas que passam a fazer parte dessa agenda.<\/p>\n\n\n\n<h2 class=\"wp-block-heading\">Por que falar sobre masculinidades?<\/h2>\n\n\n\n<p>Para a organiza\u00e7\u00e3o <em>Homens Que Cuidam<\/em>, discutir masculinidades \u00e9 tamb\u00e9m discutir sa\u00fade p\u00fablica, rela\u00e7\u00f5es familiares e preven\u00e7\u00e3o das viol\u00eancias.<\/p>\n\n\n\n<p>A organiza\u00e7\u00e3o aponta desafios relacionados ao sofrimento emocional masculino, ao abandono paterno, \u00e0 sobrecarga feminina com o trabalho de cuidado e \u00e0 viol\u00eancia contra mulheres. A proposta \u00e9 trabalhar esses assuntos antes que eles se transformem em consequ\u00eancias mais graves.<\/p>\n\n\n\n<p>A ideia tamb\u00e9m est\u00e1 presente nos projetos desenvolvidos pela institui\u00e7\u00e3o, que atua com homens, empresas, organiza\u00e7\u00f5es e governos em iniciativas relacionadas \u00e0 sa\u00fade dos homens, parentalidade ativa, equidade de g\u00eanero e<strong><a href=\"https:\/\/www.jgtvpodcast.com\/?p=139\"> cultura do cuidado<\/a>.<\/strong><\/p>\n\n\n\n<h2 class=\"wp-block-heading\">Lincoln Tavares participou do Juntas e Geniosas<\/h2>\n\n\n\n<p>O debate sobre novas masculinidades e cultura do cuidado tamb\u00e9m j\u00e1 esteve presente no <strong>Juntas e Geniosas<\/strong>, <strong><a href=\"https:\/\/www.jgtvpodcast.com\/?p=585\">programa que reuniu Lincoln Tavares de Melo<\/a><\/strong> para discutir quest\u00f5es relacionadas aos homens, \u00e0s rela\u00e7\u00f5es e \u00e0s transforma\u00e7\u00f5es necess\u00e1rias na forma de compreender o cuidado.<\/p>\n\n\n\n<p>A participa\u00e7\u00e3o refor\u00e7a uma das principais quest\u00f5es defendidas pelo fundador. Para ele, falar sobre homens n\u00e3o significa retirar o protagonismo das mulheres nas discuss\u00f5es sobre desigualdade de g\u00eanero, mas compreender que a transforma\u00e7\u00e3o das rela\u00e7\u00f5es tamb\u00e9m exige mudan\u00e7as na maneira como os homens s\u00e3o educados e socializados.<\/p>\n\n\n\n<h2 class=\"wp-block-heading\">Agosto como oportunidade para discutir novas paternidades<\/h2>\n\n\n\n<p>Durante o m\u00eas dos Pais, a organiza\u00e7\u00e3o <em>Homens Que Cuidam<\/em> pretende ampliar as a\u00e7\u00f5es educativas em empresas, escolas, universidades, organiza\u00e7\u00f5es da sociedade civil e \u00f3rg\u00e3os p\u00fablicos.<\/p>\n\n\n\n<p>A organiza\u00e7\u00e3o tamb\u00e9m trabalha com programas direcionados a jovens e homens adultos, al\u00e9m de iniciativas voltadas \u00e0s lideran\u00e7as e \u00e0s institui\u00e7\u00f5es. Entre os objetivos est\u00e1 criar espa\u00e7os para que os homens possam refletir sobre seus relacionamentos, emo\u00e7\u00f5es, responsabilidades e formas de exercer a paternidade.<\/p>\n\n\n\n<h2 class=\"wp-block-heading\">Da figura do pai provedor ao pai presente<\/h2>\n\n\n\n<p>A transforma\u00e7\u00e3o proposta pela campanha passa por uma mudan\u00e7a de refer\u00eancia.<\/p>\n\n\n\n<p>Em vez de valorizar exclusivamente o homem como provedor, a ideia \u00e9 reconhecer tamb\u00e9m o pai que acompanha consultas, participa da educa\u00e7\u00e3o dos filhos, divide tarefas dom\u00e9sticas, conversa sobre sentimentos e est\u00e1 dispon\u00edvel para exercer o cuidado no cotidiano.<\/p>\n\n\n\n<p>Essa mudan\u00e7a n\u00e3o beneficia apenas as crian\u00e7as. Tamb\u00e9m pode contribuir para rela\u00e7\u00f5es familiares mais equilibradas e para que os pr\u00f3prios homens tenham maior espa\u00e7o para desenvolver v\u00ednculos afetivos e reconhecer suas <strong><a href=\"https:\/\/www.jgtvpodcast.com\/?p=68\">necessidades emocionais<\/a><\/strong>.<\/p>\n\n\n\n<p>Para a Homens Que Cuidam, aprender a cuidar \u00e9 parte de um processo de desenvolvimento humano. O instituto resume sua proposta em uma ideia central: <strong>\u201cTransformar homens \u00e9 transformar estruturas. Cuidar \u00e9 pol\u00edtico.\u201d<\/strong><\/p>\n\n\n\n<h2 class=\"wp-block-heading\">Cultura do cuidado come\u00e7a antes da paternidade<\/h2>\n\n\n\n<p>Ao transformar agosto em um momento de reflex\u00e3o sobre os homens e suas rela\u00e7\u00f5es, a campanha amplia o significado do Dia dos Pais.<\/p>\n\n\n\n<p>A proposta \u00e9 discutir o cuidado n\u00e3o apenas como uma tarefa relacionada \u00e0 cria\u00e7\u00e3o dos filhos, mas como uma dimens\u00e3o das rela\u00e7\u00f5es humanas. Para isso, entram em pauta sa\u00fade emocional, comunica\u00e7\u00e3o, divis\u00e3o das responsabilidades, preven\u00e7\u00e3o das viol\u00eancias e novas formas de compreender o que significa ser homem e pai.<\/p>\n\n\n\n<p>Mais do que criar uma nova imagem de paternidade, a iniciativa pretende estimular uma mudan\u00e7a cultural: homens mais presentes no cuidado consigo mesmos, com os filhos, com suas fam\u00edlias e com a comunidade.<\/p>\n\n\n\n<p>Assista do programa <strong>Juntas e Geniosas <\/strong>com a participa\u00e7\u00e3o do fundador da organiza\u00e7\u00e3o <em>Homens que Cuidam<\/em>: <\/p>\n\n\n\n<figure class=\"wp-block-embed is-type-video is-provider-youtube wp-block-embed-youtube wp-embed-aspect-16-9 wp-has-aspect-ratio\"><div class=\"wp-block-embed__wrapper\">\n<iframe loading=\"lazy\" title=\"CUIDAR \u00c9  HUMANO | Masculinidades, Envelhecimento e o Futuro do Cuidado | Juntas e Geniosas | E02\" width=\"640\" height=\"360\" src=\"https:\/\/www.youtube.com\/embed\/14TUgTGVXM0?start=914&#038;feature=oembed\" frameborder=\"0\" allow=\"accelerometer; autoplay; clipboard-write; encrypted-media; gyroscope; picture-in-picture; web-share\" referrerpolicy=\"strict-origin-when-cross-origin\" allowfullscreen><\/iframe>\n<\/div><\/figure>\n","protected":false},"excerpt":{"rendered":"<p>M\u00eas dos Pais prop\u00f5e discutir paternidade ativa, sa\u00fade emocional masculina e cultura do cuidado entre os homens.<\/p>\n","protected":false},"author":1,"featured_media":649,"comment_status":"open","ping_status":"open","sticky":false,"template":"","format":"standard","meta":{"footnotes":""},"categories":[23],"tags":[186,167,168,166,185,187,184],"class_list":["post-637","post","type-post","status-publish","format-standard","has-post-thumbnail","hentry","category-geral","tag-corresponsabilidade-familiar","tag-cultura-do-cuidado","tag-homens-que-cuidam","tag-masculinidades","tag-paternidade","tag-saude-dos-homens","tag-saude-emocional-masculina"],"yoast_head":"<!-- This site is optimized with the Yoast SEO plugin v26.8 - https:\/\/yoast.com\/product\/yoast-seo-wordpress\/ -->\n<title>Importante debate sobre paternidade e sa\u00fade emocional masculina<\/title>\n<meta name=\"description\" content=\"M\u00eas dos Pais prop\u00f5e discutir paternidade ativa, sa\u00fade emocional masculina e cultura do cuidado entre os homens.\" \/>\n<meta name=\"robots\" content=\"index, follow, max-snippet:-1, max-image-preview:large, max-video-preview:-1\" \/>\n<link rel=\"canonical\" href=\"https:\/\/jgtvpodcast.com\/?p=637\" \/>\n<meta property=\"og:locale\" content=\"pt_BR\" \/>\n<meta property=\"og:type\" content=\"article\" \/>\n<meta property=\"og:title\" content=\"Importante debate sobre paternidade e sa\u00fade emocional masculina\" \/>\n<meta property=\"og:description\" content=\"M\u00eas dos Pais prop\u00f5e discutir paternidade ativa, sa\u00fade emocional masculina e cultura do cuidado entre os homens.\" \/>\n<meta property=\"og:url\" content=\"https:\/\/jgtvpodcast.com\/?p=637\" \/>\n<meta property=\"og:site_name\" content=\"JGTV - Programas e Not\u00edcias\" \/>\n<meta property=\"article:published_time\" content=\"2026-08-10T09:00:00+00:00\" \/>\n<meta property=\"article:modified_time\" content=\"2026-08-12T19:54:55+00:00\" \/>\n<meta property=\"og:image\" content=\"https:\/\/jgtvpodcast.com\/wp-content\/uploads\/2026\/08\/Pais-que-cuidam-Pexels.com-Seljansalim-scaled.jpg\" \/>\n\t<meta property=\"og:image:width\" content=\"1707\" \/>\n\t<meta property=\"og:image:height\" content=\"2560\" \/>\n\t<meta property=\"og:image:type\" content=\"image\/jpeg\" \/>\n<meta name=\"author\" content=\"Reda\u00e7\u00e3o\" \/>\n<meta name=\"twitter:card\" content=\"summary_large_image\" \/>\n<meta name=\"twitter:label1\" content=\"Escrito por\" \/>\n\t<meta name=\"twitter:data1\" content=\"Reda\u00e7\u00e3o\" \/>\n\t<meta name=\"twitter:label2\" content=\"Est. tempo de leitura\" \/>\n\t<meta name=\"twitter:data2\" content=\"6 minutos\" \/>\n<script type=\"application\/ld+json\" class=\"yoast-schema-graph\">{\"@context\":\"https:\/\/schema.org\",\"@graph\":[{\"@type\":\"Article\",\"@id\":\"https:\/\/jgtvpodcast.com\/?p=637#article\",\"isPartOf\":{\"@id\":\"https:\/\/jgtvpodcast.com\/?p=637\"},\"author\":{\"name\":\"Reda\u00e7\u00e3o\",\"@id\":\"https:\/\/jgtv-programas-e-noticias.builderallwppro.com\/#\/schema\/person\/d46f8f8e2b57ff9866441e005ecd0252\"},\"headline\":\"Importante debate sobre paternidade e sa\u00fade emocional masculina\",\"datePublished\":\"2026-08-10T09:00:00+00:00\",\"dateModified\":\"2026-08-12T19:54:55+00:00\",\"mainEntityOfPage\":{\"@id\":\"https:\/\/jgtvpodcast.com\/?p=637\"},\"wordCount\":1086,\"commentCount\":0,\"publisher\":{\"@id\":\"https:\/\/jgtv-programas-e-noticias.builderallwppro.com\/#organization\"},\"image\":{\"@id\":\"https:\/\/jgtvpodcast.com\/?p=637#primaryimage\"},\"thumbnailUrl\":\"https:\/\/www.jgtvpodcast.com\/wp-content\/uploads\/2026\/08\/Pais-que-cuidam-Pexels.com-Seljansalim-scaled.jpg\",\"keywords\":[\"corresponsabilidade familiar\",\"cultura do cuidado\",\"homens que cuidam\",\"masculinidades\",\"paternidade\",\"sa\u00fade dos homens\",\"sa\u00fade emocional masculina\"],\"articleSection\":[\"Geral\"],\"inLanguage\":\"pt-BR\",\"potentialAction\":[{\"@type\":\"CommentAction\",\"name\":\"Comment\",\"target\":[\"https:\/\/jgtvpodcast.com\/?p=637#respond\"]}]},{\"@type\":\"WebPage\",\"@id\":\"https:\/\/jgtvpodcast.com\/?p=637\",\"url\":\"https:\/\/jgtvpodcast.com\/?p=637\",\"name\":\"Importante debate sobre paternidade e sa\u00fade emocional masculina\",\"isPartOf\":{\"@id\":\"https:\/\/jgtv-programas-e-noticias.builderallwppro.com\/#website\"},\"primaryImageOfPage\":{\"@id\":\"https:\/\/jgtvpodcast.com\/?p=637#primaryimage\"},\"image\":{\"@id\":\"https:\/\/jgtvpodcast.com\/?p=637#primaryimage\"},\"thumbnailUrl\":\"https:\/\/www.jgtvpodcast.com\/wp-content\/uploads\/2026\/08\/Pais-que-cuidam-Pexels.com-Seljansalim-scaled.jpg\",\"datePublished\":\"2026-08-10T09:00:00+00:00\",\"dateModified\":\"2026-08-12T19:54:55+00:00\",\"description\":\"M\u00eas dos Pais prop\u00f5e discutir paternidade ativa, sa\u00fade emocional masculina e cultura do cuidado entre os homens.\",\"breadcrumb\":{\"@id\":\"https:\/\/jgtvpodcast.com\/?p=637#breadcrumb\"},\"inLanguage\":\"pt-BR\",\"potentialAction\":[{\"@type\":\"ReadAction\",\"target\":[\"https:\/\/jgtvpodcast.com\/?p=637\"]}]},{\"@type\":\"ImageObject\",\"inLanguage\":\"pt-BR\",\"@id\":\"https:\/\/jgtvpodcast.com\/?p=637#primaryimage\",\"url\":\"https:\/\/www.jgtvpodcast.com\/wp-content\/uploads\/2026\/08\/Pais-que-cuidam-Pexels.com-Seljansalim-scaled.jpg\",\"contentUrl\":\"https:\/\/www.jgtvpodcast.com\/wp-content\/uploads\/2026\/08\/Pais-que-cuidam-Pexels.com-Seljansalim-scaled.jpg\",\"width\":1707,\"height\":2560,\"caption\":\"Cr\u00e9dito imagem - Pexels.com - Seljansalim\"},{\"@type\":\"BreadcrumbList\",\"@id\":\"https:\/\/jgtvpodcast.com\/?p=637#breadcrumb\",\"itemListElement\":[{\"@type\":\"ListItem\",\"position\":1,\"name\":\"In\u00edcio\",\"item\":\"https:\/\/jgtv-programas-e-noticias.builderallwppro.com\/\"},{\"@type\":\"ListItem\",\"position\":2,\"name\":\"Importante debate sobre paternidade e sa\u00fade emocional masculina\"}]},{\"@type\":\"WebSite\",\"@id\":\"https:\/\/jgtv-programas-e-noticias.builderallwppro.com\/#website\",\"url\":\"https:\/\/jgtv-programas-e-noticias.builderallwppro.com\/\",\"name\":\"JGTV - Programas e Not\u00edcias\",\"description\":\"Podcasts para Profissionais e Empreendedores - Personalidades, informa\u00e7\u00e3o e conhecimento relacionados a carreira, gest\u00e3o, neg\u00f3cios, desenvolvimento pessoal e lifestyle equilibrado entre vida e trabalho!\",\"publisher\":{\"@id\":\"https:\/\/jgtv-programas-e-noticias.builderallwppro.com\/#organization\"},\"potentialAction\":[{\"@type\":\"SearchAction\",\"target\":{\"@type\":\"EntryPoint\",\"urlTemplate\":\"https:\/\/jgtv-programas-e-noticias.builderallwppro.com\/?s={search_term_string}\"},\"query-input\":{\"@type\":\"PropertyValueSpecification\",\"valueRequired\":true,\"valueName\":\"search_term_string\"}}],\"inLanguage\":\"pt-BR\"},{\"@type\":\"Organization\",\"@id\":\"https:\/\/jgtv-programas-e-noticias.builderallwppro.com\/#organization\",\"name\":\"JGTV - Programas e Not\u00edcias\",\"url\":\"https:\/\/jgtv-programas-e-noticias.builderallwppro.com\/\",\"logo\":{\"@type\":\"ImageObject\",\"inLanguage\":\"pt-BR\",\"@id\":\"https:\/\/jgtv-programas-e-noticias.builderallwppro.com\/#\/schema\/logo\/image\/\",\"url\":\"https:\/\/www.jgtvpodcast.com\/wp-content\/uploads\/2026\/01\/cropped-logoJGTV-1.png\",\"contentUrl\":\"https:\/\/www.jgtvpodcast.com\/wp-content\/uploads\/2026\/01\/cropped-logoJGTV-1.png\",\"width\":1918,\"height\":1080,\"caption\":\"JGTV  - Programas e Not\u00edcias\"},\"image\":{\"@id\":\"https:\/\/jgtv-programas-e-noticias.builderallwppro.com\/#\/schema\/logo\/image\/\"}},{\"@type\":\"Person\",\"@id\":\"https:\/\/jgtv-programas-e-noticias.builderallwppro.com\/#\/schema\/person\/d46f8f8e2b57ff9866441e005ecd0252\",\"name\":\"Reda\u00e7\u00e3o\",\"image\":{\"@type\":\"ImageObject\",\"inLanguage\":\"pt-BR\",\"@id\":\"https:\/\/jgtv-programas-e-noticias.builderallwppro.com\/#\/schema\/person\/image\/\",\"url\":\"https:\/\/secure.gravatar.com\/avatar\/265d249c158d6f9d93f673b7d9bf94f6bba6a8160d079283a23ff922448e4e81?s=96&d=mm&r=g\",\"contentUrl\":\"https:\/\/secure.gravatar.com\/avatar\/265d249c158d6f9d93f673b7d9bf94f6bba6a8160d079283a23ff922448e4e81?s=96&d=mm&r=g\",\"caption\":\"Reda\u00e7\u00e3o\"},\"description\":\"Reda\u00e7\u00e3o\",\"sameAs\":[\"https:\/\/jgtv-programas-e-noticias.builderallwppro.com\"],\"url\":\"https:\/\/www.jgtvpodcast.com\/?author=1\"}]}<\/script>\n<!-- \/ Yoast SEO plugin. -->","yoast_head_json":{"title":"Importante debate sobre paternidade e sa\u00fade emocional masculina","description":"M\u00eas dos Pais prop\u00f5e discutir paternidade ativa, sa\u00fade emocional masculina e cultura do cuidado entre os homens.","robots":{"index":"index","follow":"follow","max-snippet":"max-snippet:-1","max-image-preview":"max-image-preview:large","max-video-preview":"max-video-preview:-1"},"canonical":"https:\/\/jgtvpodcast.com\/?p=637","og_locale":"pt_BR","og_type":"article","og_title":"Importante debate sobre paternidade e sa\u00fade emocional masculina","og_description":"M\u00eas dos Pais prop\u00f5e discutir paternidade ativa, sa\u00fade emocional masculina e cultura do cuidado entre os homens.","og_url":"https:\/\/jgtvpodcast.com\/?p=637","og_site_name":"JGTV - Programas e Not\u00edcias","article_published_time":"2026-08-10T09:00:00+00:00","article_modified_time":"2026-08-12T19:54:55+00:00","og_image":[{"width":1707,"height":2560,"url":"https:\/\/jgtvpodcast.com\/wp-content\/uploads\/2026\/08\/Pais-que-cuidam-Pexels.com-Seljansalim-scaled.jpg","type":"image\/jpeg"}],"author":"Reda\u00e7\u00e3o","twitter_card":"summary_large_image","twitter_misc":{"Escrito por":"Reda\u00e7\u00e3o","Est. tempo de leitura":"6 minutos"},"schema":{"@context":"https:\/\/schema.org","@graph":[{"@type":"Article","@id":"https:\/\/jgtvpodcast.com\/?p=637#article","isPartOf":{"@id":"https:\/\/jgtvpodcast.com\/?p=637"},"author":{"name":"Reda\u00e7\u00e3o","@id":"https:\/\/jgtv-programas-e-noticias.builderallwppro.com\/#\/schema\/person\/d46f8f8e2b57ff9866441e005ecd0252"},"headline":"Importante debate sobre paternidade e sa\u00fade emocional masculina","datePublished":"2026-08-10T09:00:00+00:00","dateModified":"2026-08-12T19:54:55+00:00","mainEntityOfPage":{"@id":"https:\/\/jgtvpodcast.com\/?p=637"},"wordCount":1086,"commentCount":0,"publisher":{"@id":"https:\/\/jgtv-programas-e-noticias.builderallwppro.com\/#organization"},"image":{"@id":"https:\/\/jgtvpodcast.com\/?p=637#primaryimage"},"thumbnailUrl":"https:\/\/www.jgtvpodcast.com\/wp-content\/uploads\/2026\/08\/Pais-que-cuidam-Pexels.com-Seljansalim-scaled.jpg","keywords":["corresponsabilidade familiar","cultura do cuidado","homens que cuidam","masculinidades","paternidade","sa\u00fade dos homens","sa\u00fade emocional masculina"],"articleSection":["Geral"],"inLanguage":"pt-BR","potentialAction":[{"@type":"CommentAction","name":"Comment","target":["https:\/\/jgtvpodcast.com\/?p=637#respond"]}]},{"@type":"WebPage","@id":"https:\/\/jgtvpodcast.com\/?p=637","url":"https:\/\/jgtvpodcast.com\/?p=637","name":"Importante debate sobre paternidade e sa\u00fade emocional masculina","isPartOf":{"@id":"https:\/\/jgtv-programas-e-noticias.builderallwppro.com\/#website"},"primaryImageOfPage":{"@id":"https:\/\/jgtvpodcast.com\/?p=637#primaryimage"},"image":{"@id":"https:\/\/jgtvpodcast.com\/?p=637#primaryimage"},"thumbnailUrl":"https:\/\/www.jgtvpodcast.com\/wp-content\/uploads\/2026\/08\/Pais-que-cuidam-Pexels.com-Seljansalim-scaled.jpg","datePublished":"2026-08-10T09:00:00+00:00","dateModified":"2026-08-12T19:54:55+00:00","description":"M\u00eas dos Pais prop\u00f5e discutir paternidade ativa, sa\u00fade emocional masculina e cultura do cuidado entre os homens.","breadcrumb":{"@id":"https:\/\/jgtvpodcast.com\/?p=637#breadcrumb"},"inLanguage":"pt-BR","potentialAction":[{"@type":"ReadAction","target":["https:\/\/jgtvpodcast.com\/?p=637"]}]},{"@type":"ImageObject","inLanguage":"pt-BR","@id":"https:\/\/jgtvpodcast.com\/?p=637#primaryimage","url":"https:\/\/www.jgtvpodcast.com\/wp-content\/uploads\/2026\/08\/Pais-que-cuidam-Pexels.com-Seljansalim-scaled.jpg","contentUrl":"https:\/\/www.jgtvpodcast.com\/wp-content\/uploads\/2026\/08\/Pais-que-cuidam-Pexels.com-Seljansalim-scaled.jpg","width":1707,"height":2560,"caption":"Cr\u00e9dito imagem - Pexels.com - Seljansalim"},{"@type":"BreadcrumbList","@id":"https:\/\/jgtvpodcast.com\/?p=637#breadcrumb","itemListElement":[{"@type":"ListItem","position":1,"name":"In\u00edcio","item":"https:\/\/jgtv-programas-e-noticias.builderallwppro.com\/"},{"@type":"ListItem","position":2,"name":"Importante debate sobre paternidade e sa\u00fade emocional masculina"}]},{"@type":"WebSite","@id":"https:\/\/jgtv-programas-e-noticias.builderallwppro.com\/#website","url":"https:\/\/jgtv-programas-e-noticias.builderallwppro.com\/","name":"JGTV - Programas e Not\u00edcias","description":"Podcasts para Profissionais e Empreendedores - Personalidades, informa\u00e7\u00e3o e conhecimento relacionados a carreira, gest\u00e3o, neg\u00f3cios, desenvolvimento pessoal e lifestyle equilibrado entre vida e trabalho!","publisher":{"@id":"https:\/\/jgtv-programas-e-noticias.builderallwppro.com\/#organization"},"potentialAction":[{"@type":"SearchAction","target":{"@type":"EntryPoint","urlTemplate":"https:\/\/jgtv-programas-e-noticias.builderallwppro.com\/?s={search_term_string}"},"query-input":{"@type":"PropertyValueSpecification","valueRequired":true,"valueName":"search_term_string"}}],"inLanguage":"pt-BR"},{"@type":"Organization","@id":"https:\/\/jgtv-programas-e-noticias.builderallwppro.com\/#organization","name":"JGTV - Programas e Not\u00edcias","url":"https:\/\/jgtv-programas-e-noticias.builderallwppro.com\/","logo":{"@type":"ImageObject","inLanguage":"pt-BR","@id":"https:\/\/jgtv-programas-e-noticias.builderallwppro.com\/#\/schema\/logo\/image\/","url":"https:\/\/www.jgtvpodcast.com\/wp-content\/uploads\/2026\/01\/cropped-logoJGTV-1.png","contentUrl":"https:\/\/www.jgtvpodcast.com\/wp-content\/uploads\/2026\/01\/cropped-logoJGTV-1.png","width":1918,"height":1080,"caption":"JGTV  - Programas e Not\u00edcias"},"image":{"@id":"https:\/\/jgtv-programas-e-noticias.builderallwppro.com\/#\/schema\/logo\/image\/"}},{"@type":"Person","@id":"https:\/\/jgtv-programas-e-noticias.builderallwppro.com\/#\/schema\/person\/d46f8f8e2b57ff9866441e005ecd0252","name":"Reda\u00e7\u00e3o","image":{"@type":"ImageObject","inLanguage":"pt-BR","@id":"https:\/\/jgtv-programas-e-noticias.builderallwppro.com\/#\/schema\/person\/image\/","url":"https:\/\/secure.gravatar.com\/avatar\/265d249c158d6f9d93f673b7d9bf94f6bba6a8160d079283a23ff922448e4e81?s=96&d=mm&r=g","contentUrl":"https:\/\/secure.gravatar.com\/avatar\/265d249c158d6f9d93f673b7d9bf94f6bba6a8160d079283a23ff922448e4e81?s=96&d=mm&r=g","caption":"Reda\u00e7\u00e3o"},"description":"Reda\u00e7\u00e3o","sameAs":["https:\/\/jgtv-programas-e-noticias.builderallwppro.com"],"url":"https:\/\/www.jgtvpodcast.com\/?author=1"}]}},"_links":{"self":[{"href":"https:\/\/www.jgtvpodcast.com\/index.php?rest_route=\/wp\/v2\/posts\/637","targetHints":{"allow":["GET"]}}],"collection":[{"href":"https:\/\/www.jgtvpodcast.com\/index.php?rest_route=\/wp\/v2\/posts"}],"about":[{"href":"https:\/\/www.jgtvpodcast.com\/index.php?rest_route=\/wp\/v2\/types\/post"}],"author":[{"embeddable":true,"href":"https:\/\/www.jgtvpodcast.com\/index.php?rest_route=\/wp\/v2\/users\/1"}],"replies":[{"embeddable":true,"href":"https:\/\/www.jgtvpodcast.com\/index.php?rest_route=%2Fwp%2Fv2%2Fcomments&post=637"}],"version-history":[{"count":11,"href":"https:\/\/www.jgtvpodcast.com\/index.php?rest_route=\/wp\/v2\/posts\/637\/revisions"}],"predecessor-version":[{"id":656,"href":"https:\/\/www.jgtvpodcast.com\/index.php?rest_route=\/wp\/v2\/posts\/637\/revisions\/656"}],"wp:featuredmedia":[{"embeddable":true,"href":"https:\/\/www.jgtvpodcast.com\/index.php?rest_route=\/wp\/v2\/media\/649"}],"wp:attachment":[{"href":"https:\/\/www.jgtvpodcast.com\/index.php?rest_route=%2Fwp%2Fv2%2Fmedia&parent=637"}],"wp:term":[{"taxonomy":"category","embeddable":true,"href":"https:\/\/www.jgtvpodcast.com\/index.php?rest_route=%2Fwp%2Fv2%2Fcategories&post=637"},{"taxonomy":"post_tag","embeddable":true,"href":"https:\/\/www.jgtvpodcast.com\/index.php?rest_route=%2Fwp%2Fv2%2Ftags&post=637"}],"curies":[{"name":"wp","href":"https:\/\/api.w.org\/{rel}","templated":true}]}}